{"id":21492,"date":"2025-02-19T12:45:12","date_gmt":"2025-02-19T12:45:12","guid":{"rendered":"http:\/\/gazetevizyon.com\/?p=21492"},"modified":"2025-02-19T12:45:12","modified_gmt":"2025-02-19T12:45:12","slug":"devrimci-onder-ulas-bardakci-anildi","status":"publish","type":"post","link":"http:\/\/gazetevizyon.com\/?p=21492","title":{"rendered":"Devrimci \u00d6nder Ula\u015f Bardak\u00e7\u0131 An\u0131ld\u0131"},"content":{"rendered":"<p><h2>Ula\u015f Bardak\u00e7\u0131&#8217;ya Anlaml\u0131 Anma<\/h2>\n<\/p>\n<p>CHP Bal\u0131kesir \u0130l Ba\u015fkanl\u0131\u011f\u0131, tarihin \u00f6nemli devrimci fig\u00fcrlerinden Ula\u015f Bardak\u00e7\u0131&#8217;y\u0131 vefat\u0131n\u0131n y\u0131l d\u00f6n\u00fcm\u00fcnde sayg\u0131yla and\u0131. Ula\u015f Bardak\u00e7\u0131, T\u00fcrkiye\u2019de 68 ku\u015fa\u011f\u0131n\u0131n sembol isimlerinden biri olarak tan\u0131n\u0131yor.<\/p>\n<p><h3>Ula\u015f Bardak\u00e7\u0131 Kimdir?<\/h3>\n<\/p>\n<p>Ula\u015f Bardak\u00e7\u0131, 1947 y\u0131l\u0131nda \u0130stanbul\u2019da do\u011fmu\u015f ve gen\u00e7 ya\u015fta d\u00f6nemin devrimci hareketlerinin \u00f6ne \u00e7\u0131kan isimlerinden biri olmu\u015ftur. Hayat\u0131 boyunca sosyalist idealleri savunan Bardak\u00e7\u0131, bir\u00e7ok ki\u015fi i\u00e7in bir ilham kayna\u011f\u0131 olmu\u015f ve \u00f6zg\u00fcrl\u00fc\u011fe olan inanc\u0131yla tan\u0131nm\u0131\u015ft\u0131r.<\/p>\n<p><h3>Anma Etkinli\u011finin Detaylar\u0131<\/h3>\n<\/p>\n<p>Anma etkinli\u011fi, Kalam\u0131\u015f&#8217;ta ger\u00e7ekle\u015ftirilen anlaml\u0131 bir t\u00f6renle d\u00fczenlendi. Kat\u0131l\u0131mc\u0131lar, Bardak\u00e7\u0131\u2019n\u0131n devrimci ruhunu ve \u00f6zg\u00fcrl\u00fck m\u00fccadelesini vurgulayan konu\u015fmalar yapt\u0131lar. Ayr\u0131ca Bardak\u00e7\u0131&#8217;n\u0131n an\u0131s\u0131na yaz\u0131lan \u015fiirler de etkinlikte seslendirildi.<\/p>\n<p><ul>    <\/p>\n<li>Ula\u015f Bardak\u00e7\u0131, 68 ku\u015fa\u011f\u0131n\u0131n \u00f6nemli bir fig\u00fcr\u00fcd\u00fcr.<\/li>\n<p>    <\/p>\n<li>Devrimci d\u00fc\u015f\u00fcnceleri ile bir\u00e7ok ki\u015fiye ilham vermi\u015ftir.<\/li>\n<p>    <\/p>\n<li>Anma etkinli\u011fi, CHP Bal\u0131kesir \u0130l Ba\u015fkanl\u0131\u011f\u0131 taraf\u0131ndan d\u00fczenlenmi\u015ftir.<\/li>\n<p><\/ul>\n<\/p>\n<p><h2>Resmi Bir A\u00e7\u0131klama<\/h2>\n<\/p>\n<p><strong>CHP Bal\u0131kesir \u0130l Ba\u015fkan\u0131 taraf\u0131ndan yap\u0131lan a\u00e7\u0131klamada<\/strong>, Bardak\u00e7\u0131&#8217;n\u0131n ba\u011f\u0131ms\u0131zl\u0131k m\u00fccadelesine olan katk\u0131lar\u0131n\u0131n unutulmayaca\u011f\u0131 ve gelecek nesiller i\u00e7in \u00f6rnek te\u015fkil edece\u011fi vurguland\u0131. Bu t\u00fcr etkinliklerle devrimci fig\u00fcrlerin an\u0131lmaya ve hat\u0131rlanmaya devam edilece\u011fi belirtildi.<\/p>\n<p>#Ula\u015fBardak\u00e7\u0131 #DevrimciRuh #CHP #AnmaProgram\u0131<\/p>\n","protected":false},"excerpt":{"rendered":"<p>Ula\u015f Bardak\u00e7\u0131&#8217;ya Anlaml\u0131 Anma CHP Bal\u0131kesir \u0130l Ba\u015fkanl\u0131\u011f\u0131, tarihin \u00f6nemli devrimci fig\u00fcrlerinden Ula\u015f Bardak\u00e7\u0131&#8217;y\u0131 vefat\u0131n\u0131n y\u0131l d\u00f6n\u00fcm\u00fcnde sayg\u0131yla and\u0131. Ula\u015f Bardak\u00e7\u0131, T\u00fcrkiye\u2019de 68 ku\u015fa\u011f\u0131n\u0131n sembol isimlerinden biri olarak tan\u0131n\u0131yor. Ula\u015f Bardak\u00e7\u0131 Kimdir? Ula\u015f Bardak\u00e7\u0131, 1947 y\u0131l\u0131nda \u0130stanbul\u2019da do\u011fmu\u015f ve gen\u00e7&#8230;<\/p>\n","protected":false},"author":1,"featured_media":21493,"comment_status":"closed","ping_status":"closed","sticky":false,"template":"","format":"standard","meta":{"footnotes":""},"categories":[23],"tags":[],"class_list":["post-21492","post","type-post","status-publish","format-standard","has-post-thumbnail","hentry","category-siyaset"],"_links":{"self":[{"href":"http:\/\/gazetevizyon.com\/index.php?rest_route=\/wp\/v2\/posts\/21492","targetHints":{"allow":["GET"]}}],"collection":[{"href":"http:\/\/gazetevizyon.com\/index.php?rest_route=\/wp\/v2\/posts"}],"about":[{"href":"http:\/\/gazetevizyon.com\/index.php?rest_route=\/wp\/v2\/types\/post"}],"author":[{"embeddable":true,"href":"http:\/\/gazetevizyon.com\/index.php?rest_route=\/wp\/v2\/users\/1"}],"replies":[{"embeddable":true,"href":"http:\/\/gazetevizyon.com\/index.php?rest_route=%2Fwp%2Fv2%2Fcomments&post=21492"}],"version-history":[{"count":1,"href":"http:\/\/gazetevizyon.com\/index.php?rest_route=\/wp\/v2\/posts\/21492\/revisions"}],"predecessor-version":[{"id":21506,"href":"http:\/\/gazetevizyon.com\/index.php?rest_route=\/wp\/v2\/posts\/21492\/revisions\/21506"}],"wp:featuredmedia":[{"embeddable":true,"href":"http:\/\/gazetevizyon.com\/index.php?rest_route=\/wp\/v2\/media\/21493"}],"wp:attachment":[{"href":"http:\/\/gazetevizyon.com\/index.php?rest_route=%2Fwp%2Fv2%2Fmedia&parent=21492"}],"wp:term":[{"taxonomy":"category","embeddable":true,"href":"http:\/\/gazetevizyon.com\/index.php?rest_route=%2Fwp%2Fv2%2Fcategories&post=21492"},{"taxonomy":"post_tag","embeddable":true,"href":"http:\/\/gazetevizyon.com\/index.php?rest_route=%2Fwp%2Fv2%2Ftags&post=21492"}],"curies":[{"name":"wp","href":"https:\/\/api.w.org\/{rel}","templated":true}]}}