{"id":21532,"date":"2025-02-19T21:44:39","date_gmt":"2025-02-19T21:44:39","guid":{"rendered":"http:\/\/gazetevizyon.com\/?p=21532"},"modified":"2025-02-19T21:44:39","modified_gmt":"2025-02-19T21:44:39","slug":"balikesirde-vali-ustaoglu-universite-ogrencileriyle-bulustu","status":"publish","type":"post","link":"http:\/\/gazetevizyon.com\/?p=21532","title":{"rendered":"Bal\u0131kesir&#8217;de Vali Ustao\u011flu \u00dcniversite \u00d6\u011frencileriyle Bulu\u015ftu"},"content":{"rendered":"<p><h2>Vali Ustao\u011flu \u00dcniversite \u00d6\u011frencileriyle Bir Araya Geldi<\/h2>\n<p>Bal\u0131kesir Valisi \u0130smail Ustao\u011flu, Bal\u0131kesir \u00dcniversitesi taraf\u0131ndan d\u00fczenlenen &#8220;\u00dcniversite Topluluklar\u0131 Dayan\u0131\u015fma ve Tan\u0131\u015fma Yeme\u011fi&#8221; etkinli\u011finde \u00fcniversite \u00f6\u011frencileriyle bulu\u015ftu. Vali, \u00f6\u011frencilerle <strong>samimi bir ortamda sohbet<\/strong> ederek, gen\u00e7lerin \u00f6neri ve taleplerini dikkatle dinledi.<\/p>\n<p><h3>Gen\u00e7lere Verilen Mesajlar<\/h3>\n<p>Etkinlikte Vali Ustao\u011flu, \u00f6\u011frencilere hitaben \u015fu ifadeleri kulland\u0131: &#8220;Sevgili gen\u00e7ler, sizler T\u00fcrkiye&#8217;nin \u00e7ok y\u00f6nl\u00fc akademik \u00e7al\u0131\u015fmalar\u0131yla nitelikli insan kayna\u011f\u0131 ihtiyac\u0131na destek olacaks\u0131n\u0131z. Sizleri <strong>okuyan, ara\u015ft\u0131ran, kendini geli\u015ftiren<\/strong> bireyler olarak g\u00f6rmek istiyoruz. Bunu en iyi \u015fekilde ifa edece\u011finize inan\u0131yoruz.&#8221;<\/p>\n<p><h2>Etkinli\u011fin Amac\u0131 ve \u00d6nemi<\/h2>\n<p>Etkinlik, \u00fcniversite topluluklar\u0131 aras\u0131nda <strong>dayan\u0131\u015fma ve tan\u0131\u015fmay\u0131<\/strong> g\u00fc\u00e7lendirmeyi hedefliyor. Ayr\u0131ca, gen\u00e7lerin fikirlerini dile getirebilece\u011fi bir platform sa\u011fl\u0131yor.<\/p>\n<p><ul>  <\/p>\n<li>\u00d6\u011frenci taleplerinin dinlenmesi<\/li>\n<p>  <\/p>\n<li>Dayan\u0131\u015fma ve i\u015fbirli\u011fi f\u0131rsatlar\u0131n\u0131n art\u0131r\u0131lmas\u0131<\/li>\n<p>  <\/p>\n<li>Gen\u00e7lerin akademik ve ki\u015fisel geli\u015fimlerinin desteklenmesi<\/li>\n<p><\/ul><\/p>\n","protected":false},"excerpt":{"rendered":"<p>Vali Ustao\u011flu \u00dcniversite \u00d6\u011frencileriyle Bir Araya Geldi Bal\u0131kesir Valisi \u0130smail Ustao\u011flu, Bal\u0131kesir \u00dcniversitesi taraf\u0131ndan d\u00fczenlenen &#8220;\u00dcniversite Topluluklar\u0131 Dayan\u0131\u015fma ve Tan\u0131\u015fma Yeme\u011fi&#8221; etkinli\u011finde \u00fcniversite \u00f6\u011frencileriyle bulu\u015ftu. Vali, \u00f6\u011frencilerle samimi bir ortamda sohbet ederek, gen\u00e7lerin \u00f6neri ve taleplerini dikkatle dinledi. Gen\u00e7lere Verilen&#8230;<\/p>\n","protected":false},"author":1,"featured_media":21533,"comment_status":"closed","ping_status":"closed","sticky":false,"template":"","format":"standard","meta":{"footnotes":""},"categories":[36],"tags":[],"class_list":["post-21532","post","type-post","status-publish","format-standard","has-post-thumbnail","hentry","category-manset"],"_links":{"self":[{"href":"http:\/\/gazetevizyon.com\/index.php?rest_route=\/wp\/v2\/posts\/21532","targetHints":{"allow":["GET"]}}],"collection":[{"href":"http:\/\/gazetevizyon.com\/index.php?rest_route=\/wp\/v2\/posts"}],"about":[{"href":"http:\/\/gazetevizyon.com\/index.php?rest_route=\/wp\/v2\/types\/post"}],"author":[{"embeddable":true,"href":"http:\/\/gazetevizyon.com\/index.php?rest_route=\/wp\/v2\/users\/1"}],"replies":[{"embeddable":true,"href":"http:\/\/gazetevizyon.com\/index.php?rest_route=%2Fwp%2Fv2%2Fcomments&post=21532"}],"version-history":[{"count":1,"href":"http:\/\/gazetevizyon.com\/index.php?rest_route=\/wp\/v2\/posts\/21532\/revisions"}],"predecessor-version":[{"id":21551,"href":"http:\/\/gazetevizyon.com\/index.php?rest_route=\/wp\/v2\/posts\/21532\/revisions\/21551"}],"wp:featuredmedia":[{"embeddable":true,"href":"http:\/\/gazetevizyon.com\/index.php?rest_route=\/wp\/v2\/media\/21533"}],"wp:attachment":[{"href":"http:\/\/gazetevizyon.com\/index.php?rest_route=%2Fwp%2Fv2%2Fmedia&parent=21532"}],"wp:term":[{"taxonomy":"category","embeddable":true,"href":"http:\/\/gazetevizyon.com\/index.php?rest_route=%2Fwp%2Fv2%2Fcategories&post=21532"},{"taxonomy":"post_tag","embeddable":true,"href":"http:\/\/gazetevizyon.com\/index.php?rest_route=%2Fwp%2Fv2%2Ftags&post=21532"}],"curies":[{"name":"wp","href":"https:\/\/api.w.org\/{rel}","templated":true}]}}