{"id":21669,"date":"2025-02-21T18:46:35","date_gmt":"2025-02-21T18:46:35","guid":{"rendered":"http:\/\/gazetevizyon.com\/?p=21669"},"modified":"2025-02-21T18:46:35","modified_gmt":"2025-02-21T18:46:35","slug":"edremitte-geleneksel-meci-senligi-coskusu","status":"publish","type":"post","link":"http:\/\/gazetevizyon.com\/?p=21669","title":{"rendered":"Edremit&#8217;te Geleneksel Meci \u015eenli\u011fi Co\u015fkusu"},"content":{"rendered":"<p><h2>Geleneksel Meci \u015eenli\u011fi Edremit&#8217;te Kutland\u0131<\/h2>\n<p>Edremit, zeytin ve zeytinya\u011f\u0131 \u00fcretimi ile tan\u0131nan bir tar\u0131m cenneti olarak, co\u015fkulu bir <strong>Meci \u015eenli\u011fi<\/strong> daha d\u00fczenledi. Bu etkinlik, zeytinin es\u0327siz tad\u0131yla, binlerce y\u0131ll\u0131k tarihine ve eme\u011fe dayanan bir k\u00fclt\u00fcrel kutlamad\u0131r.<\/p>\n<p><h3>Etkinli\u011fe Geni\u015f Kat\u0131l\u0131m<\/h3>\n<p>Edremit Kaymakam\u0131 Ahmet Odaba\u015f, Edremit \u0130l\u00e7e Ba\u015fkan\u0131 Emin Yal\u00e7\u0131nta\u015f, Edremit Belediye Ba\u015fkan\u0131 Mehmet Erta\u015f, Burhaniye Belediye Ba\u015fkan\u0131 Ali Kemal Deveciler ve Edremit Ticaret Odas\u0131 Ba\u015fkan\u0131 Ahmet \u00c7etin&#8217;in yan\u0131 s\u0131ra yerel \u00fcreticiler, emek\u00e7iler ve halk\u0131n kat\u0131l\u0131m\u0131 ile \u015fenlik zenginle\u015fti. Bu etkinlik, <strong>imece k\u00fclt\u00fcr\u00fcn\u00fcn<\/strong> bir kesitini sergileyerek kat\u0131l\u0131mc\u0131lara unutulmaz anlar ya\u015fatt\u0131.<\/p>\n<p><h2>Zeytinin Yolculu\u011fu<\/h2>\n<p>Meci \u015eenli\u011fi&#8217;nde zeytinin dal\u0131ndan sofraya olan yolculu\u011fu g\u00f6zler \u00f6n\u00fcne serildi. Bu s\u00fcre\u00e7, hem \u00fcreticilere hem de kat\u0131l\u0131mc\u0131lara eme\u011fin ve al\u0131n terinin de\u011ferini bir kez daha hat\u0131rlatt\u0131.<\/p>\n<p><h3>Te\u015fekk\u00fcr ve Dilekler<\/h3>\n<p>Etkinlik sonunda, Edremit Belediye Ba\u015fkan\u0131 Mehmet Erta\u015f ve eme\u011fi ge\u00e7en belediye \u00e7al\u0131\u015fanlar\u0131, \u00fcreticiler ve kat\u0131l\u0131mc\u0131lar i\u00e7in te\u015fekk\u00fcr konu\u015fmas\u0131 yap\u0131ld\u0131. Organizat\u00f6rler, Edremit&#8217;in bereketinin ve imece ruhunun her daim s\u00fcrmesi dileklerinde bulundular.<\/p>\n<p><ul>    <\/p>\n<li>Zeytinin tarihi ve k\u00fclt\u00fcrel \u00f6nemi vurguland\u0131.<\/li>\n<p>    <\/p>\n<li>\u0130mece k\u00fclt\u00fcr\u00fcn\u00fcn dayan\u0131\u015fma ruhuna dikkat \u00e7ekildi.<\/li>\n<p>    <\/p>\n<li>Zeytinin \u00fcretim s\u00fcreci g\u00f6zler \u00f6n\u00fcne serildi.<\/li>\n<p><\/ul><\/p>\n","protected":false},"excerpt":{"rendered":"<p>Geleneksel Meci \u015eenli\u011fi Edremit&#8217;te Kutland\u0131 Edremit, zeytin ve zeytinya\u011f\u0131 \u00fcretimi ile tan\u0131nan bir tar\u0131m cenneti olarak, co\u015fkulu bir Meci \u015eenli\u011fi daha d\u00fczenledi. Bu etkinlik, zeytinin es\u0327siz tad\u0131yla, binlerce y\u0131ll\u0131k tarihine ve eme\u011fe dayanan bir k\u00fclt\u00fcrel kutlamad\u0131r. Etkinli\u011fe Geni\u015f Kat\u0131l\u0131m Edremit&#8230;<\/p>\n","protected":false},"author":1,"featured_media":21670,"comment_status":"closed","ping_status":"closed","sticky":false,"template":"","format":"standard","meta":{"footnotes":""},"categories":[23],"tags":[],"class_list":["post-21669","post","type-post","status-publish","format-standard","has-post-thumbnail","hentry","category-siyaset"],"_links":{"self":[{"href":"http:\/\/gazetevizyon.com\/index.php?rest_route=\/wp\/v2\/posts\/21669","targetHints":{"allow":["GET"]}}],"collection":[{"href":"http:\/\/gazetevizyon.com\/index.php?rest_route=\/wp\/v2\/posts"}],"about":[{"href":"http:\/\/gazetevizyon.com\/index.php?rest_route=\/wp\/v2\/types\/post"}],"author":[{"embeddable":true,"href":"http:\/\/gazetevizyon.com\/index.php?rest_route=\/wp\/v2\/users\/1"}],"replies":[{"embeddable":true,"href":"http:\/\/gazetevizyon.com\/index.php?rest_route=%2Fwp%2Fv2%2Fcomments&post=21669"}],"version-history":[{"count":1,"href":"http:\/\/gazetevizyon.com\/index.php?rest_route=\/wp\/v2\/posts\/21669\/revisions"}],"predecessor-version":[{"id":21689,"href":"http:\/\/gazetevizyon.com\/index.php?rest_route=\/wp\/v2\/posts\/21669\/revisions\/21689"}],"wp:featuredmedia":[{"embeddable":true,"href":"http:\/\/gazetevizyon.com\/index.php?rest_route=\/wp\/v2\/media\/21670"}],"wp:attachment":[{"href":"http:\/\/gazetevizyon.com\/index.php?rest_route=%2Fwp%2Fv2%2Fmedia&parent=21669"}],"wp:term":[{"taxonomy":"category","embeddable":true,"href":"http:\/\/gazetevizyon.com\/index.php?rest_route=%2Fwp%2Fv2%2Fcategories&post=21669"},{"taxonomy":"post_tag","embeddable":true,"href":"http:\/\/gazetevizyon.com\/index.php?rest_route=%2Fwp%2Fv2%2Ftags&post=21669"}],"curies":[{"name":"wp","href":"https:\/\/api.w.org\/{rel}","templated":true}]}}