{"id":22156,"date":"2025-02-27T18:54:42","date_gmt":"2025-02-27T18:54:42","guid":{"rendered":"http:\/\/gazetevizyon.com\/?p=22156"},"modified":"2025-02-27T18:54:42","modified_gmt":"2025-02-27T18:54:42","slug":"chp-gonen-ilce-baskanligi-aracina-saldiriya-kinama","status":"publish","type":"post","link":"http:\/\/gazetevizyon.com\/?p=22156","title":{"rendered":"CHP G\u00f6nen \u0130l\u00e7e Ba\u015fkanl\u0131\u011f\u0131 Arac\u0131na Sald\u0131r\u0131ya K\u0131nama"},"content":{"rendered":"<p><h2>G\u00f6nen&#8217;deki Olay Demokrasiye Y\u00f6nelik Bir Tehdit<\/h2>\n<p>Bal\u0131kesir B\u00fcy\u00fck\u015fehir Belediye Ba\u015fkan\u0131 Ahmet Ak\u0131n, Cumhuriyet Halk Partisi G\u00f6nen \u0130l\u00e7e Ba\u015fkanl\u0131\u011f\u0131na ait araca yap\u0131lan silahl\u0131 sald\u0131r\u0131y\u0131 sert bir \u015fekilde k\u0131nayarak, bu t\u00fcr sald\u0131r\u0131lar\u0131n sadece G\u00f6nen&#8217;e de\u011fil, demokrasiye y\u00f6nelik bir tehdit oldu\u011funu vurgulad\u0131.<\/p>\n<p><h3>Soru\u015fturma Yak\u0131ndan Takip Edilecek<\/h3>\n<p>Ba\u015fkan Ak\u0131n, olayla ilgili s\u00fcreci yak\u0131ndan takip edeceklerini ve sald\u0131r\u0131y\u0131 ger\u00e7ekle\u015ftiren su\u00e7lular\u0131n adalete teslim edilmesi i\u00e7in ellerinden gelen t\u00fcm \u00e7abay\u0131 g\u00f6stereceklerini belirtti.<\/p>\n<p><ul>  <\/p>\n<li>Su\u00e7lular\u0131n gerekli cezay\u0131 almas\u0131 i\u00e7in \u00e7al\u0131\u015fmalar s\u00fcr\u00fcyor.<\/li>\n<p>  <\/p>\n<li>Birlik ve beraberlik vurgusu yap\u0131ld\u0131.<\/li>\n<p><\/ul>\n<\/p>\n<p><h2>Bal\u0131kesir&#8217;deki Birlik ve Dayan\u0131\u015fma Ruhu<\/h2>\n<p>Bal\u0131kesir&#8217;de in\u015fa ettikleri birlik ve beraberlik duygusuna bu t\u00fcr sald\u0131r\u0131lar\u0131n zarar veremeyece\u011finin alt\u0131n\u0131 \u00e7izen Ak\u0131n, &#8220;Biz burada <strong>b\u00fcy\u00fck ve g\u00fc\u00e7l\u00fc bir aileyiz<\/strong>,&#8221; diyerek toplumsal dayan\u0131\u015fmaya olan inanc\u0131n\u0131 dile getirdi.<\/p>\n","protected":false},"excerpt":{"rendered":"<p>G\u00f6nen&#8217;deki Olay Demokrasiye Y\u00f6nelik Bir Tehdit Bal\u0131kesir B\u00fcy\u00fck\u015fehir Belediye Ba\u015fkan\u0131 Ahmet Ak\u0131n, Cumhuriyet Halk Partisi G\u00f6nen \u0130l\u00e7e Ba\u015fkanl\u0131\u011f\u0131na ait araca yap\u0131lan silahl\u0131 sald\u0131r\u0131y\u0131 sert bir \u015fekilde k\u0131nayarak, bu t\u00fcr sald\u0131r\u0131lar\u0131n sadece G\u00f6nen&#8217;e de\u011fil, demokrasiye y\u00f6nelik bir tehdit oldu\u011funu vurgulad\u0131. Soru\u015fturma&#8230;<\/p>\n","protected":false},"author":1,"featured_media":22157,"comment_status":"closed","ping_status":"closed","sticky":false,"template":"","format":"standard","meta":{"footnotes":""},"categories":[36],"tags":[],"class_list":["post-22156","post","type-post","status-publish","format-standard","has-post-thumbnail","hentry","category-manset"],"_links":{"self":[{"href":"http:\/\/gazetevizyon.com\/index.php?rest_route=\/wp\/v2\/posts\/22156","targetHints":{"allow":["GET"]}}],"collection":[{"href":"http:\/\/gazetevizyon.com\/index.php?rest_route=\/wp\/v2\/posts"}],"about":[{"href":"http:\/\/gazetevizyon.com\/index.php?rest_route=\/wp\/v2\/types\/post"}],"author":[{"embeddable":true,"href":"http:\/\/gazetevizyon.com\/index.php?rest_route=\/wp\/v2\/users\/1"}],"replies":[{"embeddable":true,"href":"http:\/\/gazetevizyon.com\/index.php?rest_route=%2Fwp%2Fv2%2Fcomments&post=22156"}],"version-history":[{"count":1,"href":"http:\/\/gazetevizyon.com\/index.php?rest_route=\/wp\/v2\/posts\/22156\/revisions"}],"predecessor-version":[{"id":22195,"href":"http:\/\/gazetevizyon.com\/index.php?rest_route=\/wp\/v2\/posts\/22156\/revisions\/22195"}],"wp:featuredmedia":[{"embeddable":true,"href":"http:\/\/gazetevizyon.com\/index.php?rest_route=\/wp\/v2\/media\/22157"}],"wp:attachment":[{"href":"http:\/\/gazetevizyon.com\/index.php?rest_route=%2Fwp%2Fv2%2Fmedia&parent=22156"}],"wp:term":[{"taxonomy":"category","embeddable":true,"href":"http:\/\/gazetevizyon.com\/index.php?rest_route=%2Fwp%2Fv2%2Fcategories&post=22156"},{"taxonomy":"post_tag","embeddable":true,"href":"http:\/\/gazetevizyon.com\/index.php?rest_route=%2Fwp%2Fv2%2Ftags&post=22156"}],"curies":[{"name":"wp","href":"https:\/\/api.w.org\/{rel}","templated":true}]}}