{"id":22158,"date":"2025-02-27T18:52:50","date_gmt":"2025-02-27T18:52:50","guid":{"rendered":"http:\/\/gazetevizyon.com\/?p=22158"},"modified":"2025-02-27T18:52:50","modified_gmt":"2025-02-27T18:52:50","slug":"chp-liderleri-genis-katilimli-toplantida-turkiyenin-gelecegini-degerlendirdi","status":"publish","type":"post","link":"http:\/\/gazetevizyon.com\/?p=22158","title":{"rendered":"CHP Liderleri Geni\u015f Kat\u0131l\u0131ml\u0131 Toplant\u0131da T\u00fcrkiye&#8217;nin Gelece\u011fini De\u011ferlendirdi"},"content":{"rendered":"<p><h2>CHP Liderleri T\u00fcrkiye&#8217;nin Gelece\u011fi \u0130\u00e7in Bir Araya Geldi<\/h2>\n<\/p>\n<p><strong>Cumhuriyet Halk Partisi&#8217;nin<\/strong> lider kadrosu, en \u00f6nemli isimlerin kat\u0131l\u0131m\u0131 ile geni\u015f kapsaml\u0131 bir toplant\u0131 ger\u00e7ekle\u015ftirdi. Bu toplant\u0131ya CHP Genel Ba\u015fkan\u0131 \u00d6zg\u00fcr \u00d6zel ve \u0130stanbul B\u00fcy\u00fck\u015fehir Belediye Ba\u015fkan\u0131 Ekrem \u0130mamo\u011flu da kat\u0131larak g\u00fcndeme dair stratejik isti\u015farelerde bulunuldu.<\/p>\n<p><h3>Toplant\u0131n\u0131n Amac\u0131 ve Kat\u0131l\u0131mc\u0131lar<\/h3>\n<\/p>\n<p>CHP Genel Ba\u015fkan\u0131 \u00d6zg\u00fcr \u00d6zel&#8217;in liderli\u011finde d\u00fczenlenen toplant\u0131da, parti liderleri ve il ba\u015fkanlar\u0131 T\u00fcrkiye&#8217;nin siyasi gelece\u011fini masaya yat\u0131rd\u0131. Toplant\u0131n\u0131n ard\u0131ndan yap\u0131lan kapal\u0131 oturumda \u00d6zel, Ekrem \u0130mamo\u011flu ve il ba\u015fkanlar\u0131, erken se\u00e7im stratejisi ve yol haritas\u0131 \u00fczerinde de\u011ferlendirme yapt\u0131.<\/p>\n<p><h3>Erken Se\u00e7im Stratejisi Nas\u0131l \u015eekillenecek?<\/h3>\n<\/p>\n<p>CHP, erken se\u00e7im s\u00fcrecinde aday\u0131n\u0131 erkenden belirlemenin \u00f6nemine dikkat \u00e7ekti. Partinin ileri gelenleri, <strong>halk\u0131n iradesini<\/strong> yans\u0131tan demokratik bir s\u00fcre\u00e7le T\u00fcrkiye&#8217;yi daha \u00f6zg\u00fcr ve adil yar\u0131nlara ta\u015f\u0131ma hedefinde olduklar\u0131n\u0131 belirtti. Bu ad\u0131mlar\u0131n at\u0131lmas\u0131yla, Cumhuriyet Halk Partisi&#8217;nin ba\u015far\u0131ya ula\u015faca\u011f\u0131n\u0131 ve T\u00fcrkiye&#8217;nin kazanan taraf olaca\u011f\u0131n\u0131 vurgulad\u0131lar.<\/p>\n<p><ul>  <\/p>\n<li>Geni\u015f kat\u0131l\u0131ml\u0131 toplant\u0131da, T\u00fcrkiye&#8217;nin gelece\u011fi detayl\u0131 bir \u015fekilde de\u011ferlendirildi.<\/li>\n<p>  <\/p>\n<li>Erken se\u00e7im ve yol haritas\u0131 \u00fczerinde \u00e7al\u0131\u015fmalar yap\u0131ld\u0131.<\/li>\n<p><\/ul><\/p>\n","protected":false},"excerpt":{"rendered":"<p>CHP Liderleri T\u00fcrkiye&#8217;nin Gelece\u011fi \u0130\u00e7in Bir Araya Geldi Cumhuriyet Halk Partisi&#8217;nin lider kadrosu, en \u00f6nemli isimlerin kat\u0131l\u0131m\u0131 ile geni\u015f kapsaml\u0131 bir toplant\u0131 ger\u00e7ekle\u015ftirdi. Bu toplant\u0131ya CHP Genel Ba\u015fkan\u0131 \u00d6zg\u00fcr \u00d6zel ve \u0130stanbul B\u00fcy\u00fck\u015fehir Belediye Ba\u015fkan\u0131 Ekrem \u0130mamo\u011flu da kat\u0131larak g\u00fcndeme&#8230;<\/p>\n","protected":false},"author":1,"featured_media":22159,"comment_status":"closed","ping_status":"closed","sticky":false,"template":"","format":"standard","meta":{"footnotes":""},"categories":[23],"tags":[],"class_list":["post-22158","post","type-post","status-publish","format-standard","has-post-thumbnail","hentry","category-siyaset"],"_links":{"self":[{"href":"http:\/\/gazetevizyon.com\/index.php?rest_route=\/wp\/v2\/posts\/22158","targetHints":{"allow":["GET"]}}],"collection":[{"href":"http:\/\/gazetevizyon.com\/index.php?rest_route=\/wp\/v2\/posts"}],"about":[{"href":"http:\/\/gazetevizyon.com\/index.php?rest_route=\/wp\/v2\/types\/post"}],"author":[{"embeddable":true,"href":"http:\/\/gazetevizyon.com\/index.php?rest_route=\/wp\/v2\/users\/1"}],"replies":[{"embeddable":true,"href":"http:\/\/gazetevizyon.com\/index.php?rest_route=%2Fwp%2Fv2%2Fcomments&post=22158"}],"version-history":[{"count":1,"href":"http:\/\/gazetevizyon.com\/index.php?rest_route=\/wp\/v2\/posts\/22158\/revisions"}],"predecessor-version":[{"id":22194,"href":"http:\/\/gazetevizyon.com\/index.php?rest_route=\/wp\/v2\/posts\/22158\/revisions\/22194"}],"wp:featuredmedia":[{"embeddable":true,"href":"http:\/\/gazetevizyon.com\/index.php?rest_route=\/wp\/v2\/media\/22159"}],"wp:attachment":[{"href":"http:\/\/gazetevizyon.com\/index.php?rest_route=%2Fwp%2Fv2%2Fmedia&parent=22158"}],"wp:term":[{"taxonomy":"category","embeddable":true,"href":"http:\/\/gazetevizyon.com\/index.php?rest_route=%2Fwp%2Fv2%2Fcategories&post=22158"},{"taxonomy":"post_tag","embeddable":true,"href":"http:\/\/gazetevizyon.com\/index.php?rest_route=%2Fwp%2Fv2%2Ftags&post=22158"}],"curies":[{"name":"wp","href":"https:\/\/api.w.org\/{rel}","templated":true}]}}