{"id":22160,"date":"2025-02-27T18:51:40","date_gmt":"2025-02-27T18:51:40","guid":{"rendered":"http:\/\/gazetevizyon.com\/?p=22160"},"modified":"2025-02-27T18:51:40","modified_gmt":"2025-02-27T18:51:40","slug":"ocalandan-silah-birakma-cagrisi-pkk-kendini-feshetmelidir","status":"publish","type":"post","link":"http:\/\/gazetevizyon.com\/?p=22160","title":{"rendered":"\u00d6calan&#8217;dan Silah B\u0131rakma \u00c7a\u011fr\u0131s\u0131: &#8220;PKK Kendini Feshetmelidir&#8221;"},"content":{"rendered":"<p><h2>\u00d6calan&#8217;\u0131n Tarihi Silah B\u0131rakma \u00c7a\u011fr\u0131s\u0131<\/h2>\n<p>T\u00fcrkiye tarihinin \u00f6nemli bir d\u00f6nemecinde, ***ter\u00f6r \u00f6rg\u00fct\u00fc PKK&#8217;n\u0131n eleba\u015f\u0131 Abdullah \u00d6calan***, \u00f6rg\u00fct\u00fcn silah b\u0131rakma \u00e7a\u011fr\u0131s\u0131nda bulundu. \u00d6calan, PKK&#8217;n\u0131n kendini feshetmesi gerekti\u011fini vurgulayarak, bu tarihi sorumlulu\u011fu \u00fcstlendi\u011fini belirtti.<\/p>\n<p><h3>Irk\u00e7\u0131l\u0131k ve Ter\u00f6r\u00fcn Sonland\u0131r\u0131lmas\u0131 \u0130\u00e7in Dayan\u0131\u015fma<\/h3>\n<p>A\u00e7\u0131klama, ***Devlet Bah\u00e7eli&#8217;nin \u00e7a\u011fr\u0131s\u0131 ve Cumhurba\u015fkan\u0131&#8217;n\u0131n duru\u015fuyla*** \u015fekillenen olumlu siyasi iklim \u0131\u015f\u0131\u011f\u0131nda geldi. \u00d6calan, farkl\u0131 siyasi partilerin destekleri ve olumlu yakla\u015f\u0131mlar\u0131n\u0131n bu s\u00fcre\u00e7te \u00f6nemli oldu\u011funu ifade etti. Bu dayan\u0131\u015fman\u0131n ter\u00f6r\u00fcn sonland\u0131r\u0131lmas\u0131nda etkili olaca\u011f\u0131n\u0131 savundu.<\/p>\n<p><h3>T\u00fcrkiye&#8217;deki Siyasi \u0130klim ve Katk\u0131lar\u0131<\/h3>\n<p>&#8211; ***Devlet Bah\u00e7eli***&#8217;nin \u00e7a\u011fr\u0131s\u0131<br \/>&#8211; ***Cumhurba\u015fkan\u0131n\u0131n*** ortaya koydu\u011fu irade<br \/>&#8211; ***Siyasi partilerin*** olumlu yakla\u015f\u0131mlar\u0131<\/p>\n<p>\u00d6calan, bu unsurlar\u0131n hepsinin T\u00fcrkiye&#8217;nin uzun s\u00fcredir kar\u015f\u0131 kar\u015f\u0131ya oldu\u011fu ter\u00f6r sorununun \u00e7\u00f6z\u00fcm\u00fcne katk\u0131 sa\u011flayabilece\u011fini s\u00f6yledi.<\/p>\n<p><h2>\u00d6calan\u2019\u0131n S\u00f6zlerinin \u00d6nemi<\/h2>\n<p>\u00d6calan&#8217;\u0131n a\u00e7\u0131klamalar\u0131, T\u00fcrkiye&#8217;de huzurun sa\u011flanmas\u0131 ve \u0131rk\u00e7\u0131l\u0131k ile ter\u00f6rizmin sona erdirilmesi y\u00f6n\u00fcndeki \u00e7abalara yeni bir soluk getirebilir. Bu \u00e7a\u011fr\u0131, ***silahlar\u0131n susmas\u0131*** ve bar\u0131\u015f\u0131n sa\u011flanmas\u0131 i\u00e7in at\u0131lacak ad\u0131mlar\u0131n ba\u015flang\u0131c\u0131 olarak de\u011ferlendiriliyor.<\/p>\n<p><ul>  <\/p>\n<li><strong>Silahs\u0131zlanma<\/strong>: \u00d6calan bu \u00e7a\u011fr\u0131y\u0131, T\u00fcrkiye&#8217;de bar\u0131\u015f ve istikrar\u0131n sa\u011flanmas\u0131 amac\u0131yla yap\u0131yor.<\/li>\n<p>  <\/p>\n<li><strong>Fesih<\/strong>: PKK\u2019n\u0131n kendini feshetmesi, \u00f6rg\u00fct\u00fcn tamamen sona ermesi anlam\u0131na geliyor.<\/li>\n<p><\/ul><\/p>\n","protected":false},"excerpt":{"rendered":"<p>\u00d6calan&#8217;\u0131n Tarihi Silah B\u0131rakma \u00c7a\u011fr\u0131s\u0131 T\u00fcrkiye tarihinin \u00f6nemli bir d\u00f6nemecinde, ***ter\u00f6r \u00f6rg\u00fct\u00fc PKK&#8217;n\u0131n eleba\u015f\u0131 Abdullah \u00d6calan***, \u00f6rg\u00fct\u00fcn silah b\u0131rakma \u00e7a\u011fr\u0131s\u0131nda bulundu. \u00d6calan, PKK&#8217;n\u0131n kendini feshetmesi gerekti\u011fini vurgulayarak, bu tarihi sorumlulu\u011fu \u00fcstlendi\u011fini belirtti. Irk\u00e7\u0131l\u0131k ve Ter\u00f6r\u00fcn Sonland\u0131r\u0131lmas\u0131 \u0130\u00e7in Dayan\u0131\u015fma A\u00e7\u0131klama, ***Devlet&#8230;<\/p>\n","protected":false},"author":1,"featured_media":22161,"comment_status":"closed","ping_status":"closed","sticky":false,"template":"","format":"standard","meta":{"footnotes":""},"categories":[36],"tags":[],"class_list":["post-22160","post","type-post","status-publish","format-standard","has-post-thumbnail","hentry","category-manset"],"_links":{"self":[{"href":"http:\/\/gazetevizyon.com\/index.php?rest_route=\/wp\/v2\/posts\/22160","targetHints":{"allow":["GET"]}}],"collection":[{"href":"http:\/\/gazetevizyon.com\/index.php?rest_route=\/wp\/v2\/posts"}],"about":[{"href":"http:\/\/gazetevizyon.com\/index.php?rest_route=\/wp\/v2\/types\/post"}],"author":[{"embeddable":true,"href":"http:\/\/gazetevizyon.com\/index.php?rest_route=\/wp\/v2\/users\/1"}],"replies":[{"embeddable":true,"href":"http:\/\/gazetevizyon.com\/index.php?rest_route=%2Fwp%2Fv2%2Fcomments&post=22160"}],"version-history":[{"count":1,"href":"http:\/\/gazetevizyon.com\/index.php?rest_route=\/wp\/v2\/posts\/22160\/revisions"}],"predecessor-version":[{"id":22193,"href":"http:\/\/gazetevizyon.com\/index.php?rest_route=\/wp\/v2\/posts\/22160\/revisions\/22193"}],"wp:featuredmedia":[{"embeddable":true,"href":"http:\/\/gazetevizyon.com\/index.php?rest_route=\/wp\/v2\/media\/22161"}],"wp:attachment":[{"href":"http:\/\/gazetevizyon.com\/index.php?rest_route=%2Fwp%2Fv2%2Fmedia&parent=22160"}],"wp:term":[{"taxonomy":"category","embeddable":true,"href":"http:\/\/gazetevizyon.com\/index.php?rest_route=%2Fwp%2Fv2%2Fcategories&post=22160"},{"taxonomy":"post_tag","embeddable":true,"href":"http:\/\/gazetevizyon.com\/index.php?rest_route=%2Fwp%2Fv2%2Ftags&post=22160"}],"curies":[{"name":"wp","href":"https:\/\/api.w.org\/{rel}","templated":true}]}}