{"id":22394,"date":"2025-03-03T00:15:40","date_gmt":"2025-03-03T00:15:40","guid":{"rendered":"http:\/\/gazetevizyon.com\/?p=22394"},"modified":"2025-03-03T00:15:40","modified_gmt":"2025-03-03T00:15:40","slug":"turplu-mahallesinde-geleneksel-iftar-sofralari-ile-paylasma-gelenegi","status":"publish","type":"post","link":"http:\/\/gazetevizyon.com\/?p=22394","title":{"rendered":"Turplu Mahallesi\u2019nde Geleneksel \u0130ftar Sofralar\u0131 ile Payla\u015fma Gelene\u011fi"},"content":{"rendered":"<p><h2>Turplu Mahallesi\u2019nde Ramazan Bereketi<\/h2>\n<\/p>\n<p>Karesi il\u00e7esine ba\u011fl\u0131 Turplu Mahallesi, Ramazan ay\u0131n\u0131n manevi havas\u0131n\u0131 geleneksel iftar sofralar\u0131 ile ya\u015fat\u0131yor. Mahallenin kanaat \u00f6nderi olan hay\u0131rsever bir ailenin inisiyatifiyle, Turplu Mahallesi&#8217;nde her Ramazan ay\u0131nda d\u00fczenlenen iftar etkinlikleri, toplumsal dayan\u0131\u015fmay\u0131 g\u00fc\u00e7lendiriyor.<\/p>\n<p><h3>\u0130ftar Sofralar\u0131n\u0131n Haz\u0131rlan\u0131\u015f\u0131 ve Payla\u015f\u0131m\u0131<\/h3>\n<\/p>\n<p>Her y\u0131l oldu\u011fu gibi bu y\u0131l da mahallenin ilk iftar\u0131, \u00e7ok ama\u00e7l\u0131 salonda organize edildi. Aile, evlerinde ve bah\u00e7elerinde kendi elleriyle haz\u0131rlad\u0131klar\u0131 yemekleri, **odun ate\u015finde ve bak\u0131r kazanlarda** pi\u015firdi. \u0130ftar vakti geldi\u011finde bu lezzetler kom\u015fular ve mahalle halk\u0131 ile payla\u015f\u0131ld\u0131.<\/p>\n<p><h2>Geleneksel Payla\u015f\u0131m Gelene\u011fi S\u00fcr\u00fcyor<\/h2>\n<\/p>\n<p>Bu hay\u0131rseverlik ve payla\u015fma gelene\u011fi, Turplu Mahallesi\u2019nde Ramazan ay\u0131 boyunca devam ediyor. Mahalle halk\u0131, bu t\u00fcr etkinliklere kat\u0131larak birlik ve beraberli\u011fi peki\u015ftiriyor.<\/p>\n<p><ul>  <\/p>\n<li>Oru\u00e7 ibadetinin toplumsal dayan\u0131\u015fma ile ta\u00e7land\u0131r\u0131lmas\u0131<\/li>\n<p>  <\/p>\n<li>K\u00fclt\u00fcrel de\u011ferlerin ya\u015fat\u0131lmas\u0131<\/li>\n<p>  <\/p>\n<li>Toplumsal kayna\u015fman\u0131n \u00f6neminin vurgulanmas\u0131<\/li>\n<p><\/ul>\n<\/p>\n<p>Turplu Mahallesi etraf\u0131nda organize edilen bu t\u00fcr iftar programlar\u0131, hem kat\u0131l\u0131mc\u0131lar i\u00e7in hem de organizasyonu ger\u00e7ekle\u015ftiren aile i\u00e7in manevi bir zenginlik kayna\u011f\u0131 olarak g\u00f6r\u00fcl\u00fcyor.<\/p>\n","protected":false},"excerpt":{"rendered":"<p>Turplu Mahallesi\u2019nde Ramazan Bereketi Karesi il\u00e7esine ba\u011fl\u0131 Turplu Mahallesi, Ramazan ay\u0131n\u0131n manevi havas\u0131n\u0131 geleneksel iftar sofralar\u0131 ile ya\u015fat\u0131yor. Mahallenin kanaat \u00f6nderi olan hay\u0131rsever bir ailenin inisiyatifiyle, Turplu Mahallesi&#8217;nde her Ramazan ay\u0131nda d\u00fczenlenen iftar etkinlikleri, toplumsal dayan\u0131\u015fmay\u0131 g\u00fc\u00e7lendiriyor. \u0130ftar Sofralar\u0131n\u0131n Haz\u0131rlan\u0131\u015f\u0131&#8230;<\/p>\n","protected":false},"author":1,"featured_media":22395,"comment_status":"closed","ping_status":"closed","sticky":false,"template":"","format":"standard","meta":{"footnotes":""},"categories":[36],"tags":[],"class_list":["post-22394","post","type-post","status-publish","format-standard","has-post-thumbnail","hentry","category-manset"],"_links":{"self":[{"href":"http:\/\/gazetevizyon.com\/index.php?rest_route=\/wp\/v2\/posts\/22394","targetHints":{"allow":["GET"]}}],"collection":[{"href":"http:\/\/gazetevizyon.com\/index.php?rest_route=\/wp\/v2\/posts"}],"about":[{"href":"http:\/\/gazetevizyon.com\/index.php?rest_route=\/wp\/v2\/types\/post"}],"author":[{"embeddable":true,"href":"http:\/\/gazetevizyon.com\/index.php?rest_route=\/wp\/v2\/users\/1"}],"replies":[{"embeddable":true,"href":"http:\/\/gazetevizyon.com\/index.php?rest_route=%2Fwp%2Fv2%2Fcomments&post=22394"}],"version-history":[{"count":1,"href":"http:\/\/gazetevizyon.com\/index.php?rest_route=\/wp\/v2\/posts\/22394\/revisions"}],"predecessor-version":[{"id":22409,"href":"http:\/\/gazetevizyon.com\/index.php?rest_route=\/wp\/v2\/posts\/22394\/revisions\/22409"}],"wp:featuredmedia":[{"embeddable":true,"href":"http:\/\/gazetevizyon.com\/index.php?rest_route=\/wp\/v2\/media\/22395"}],"wp:attachment":[{"href":"http:\/\/gazetevizyon.com\/index.php?rest_route=%2Fwp%2Fv2%2Fmedia&parent=22394"}],"wp:term":[{"taxonomy":"category","embeddable":true,"href":"http:\/\/gazetevizyon.com\/index.php?rest_route=%2Fwp%2Fv2%2Fcategories&post=22394"},{"taxonomy":"post_tag","embeddable":true,"href":"http:\/\/gazetevizyon.com\/index.php?rest_route=%2Fwp%2Fv2%2Ftags&post=22394"}],"curies":[{"name":"wp","href":"https:\/\/api.w.org\/{rel}","templated":true}]}}