{"id":22428,"date":"2025-03-03T12:54:29","date_gmt":"2025-03-03T12:54:29","guid":{"rendered":"http:\/\/gazetevizyon.com\/?p=22428"},"modified":"2025-03-03T12:54:29","modified_gmt":"2025-03-03T12:54:29","slug":"balikesirde-sucla-mucadelede-kararlilik-mesaji","status":"publish","type":"post","link":"http:\/\/gazetevizyon.com\/?p=22428","title":{"rendered":"Bal\u0131kesir&#8217;de Su\u00e7la M\u00fccadelede Kararl\u0131l\u0131k Mesaj\u0131"},"content":{"rendered":"<p><h2>Bal\u0131kesir&#8217;de G\u00fcvenlik \u00d6nlemleri Art\u0131r\u0131l\u0131yor<\/h2>\n<\/p>\n<p>Bal\u0131kesir Valisi \u0130smail Ustao\u011flu, Bal\u0131kesir&#8217;in huzur ve g\u00fcvenli\u011fini sa\u011flamak amac\u0131yla gerekli \u00f6nlemlerin al\u0131nd\u0131\u011f\u0131n\u0131 belirtti. Emniyet ve Jandarma kuvvetleriyle i\u015f birli\u011fi i\u00e7inde, su\u00e7 ve su\u00e7 \u00f6rg\u00fctlerine kar\u015f\u0131 kararl\u0131l\u0131kla m\u00fccadele edilece\u011fi a\u00e7\u0131kland\u0131.<\/p>\n<p><h3>Ortak \u00c7al\u0131\u015fma Vurgusu<\/h3>\n<\/p>\n<p>Vali Ustao\u011flu, Emniyet ve Jandarma ile koordineli \u00e7al\u0131\u015fmalar\u0131n devam edece\u011fini ifade etti. Su\u00e7 unsurlar\u0131na kar\u015f\u0131 al\u0131nacak tedbirlerin art\u0131r\u0131laca\u011f\u0131n\u0131 vurgulayan Ustao\u011flu, Bal\u0131kesir halk\u0131n\u0131n huzurunu sa\u011flamak i\u00e7in t\u00fcm imkanlar\u0131n seferber edilece\u011fini belirtti.<\/p>\n<p><strong>Vali Ustao\u011flu&#8217;nun a\u00e7\u0131klamas\u0131nda, Bal\u0131kesir&#8217;de su\u00e7 oranlar\u0131n\u0131n d\u00fc\u015f\u00fcr\u00fclmesinin hedeflendi\u011fi ve vatanda\u015flar\u0131n g\u00fcvenli\u011fi i\u00e7in her t\u00fcrl\u00fc ad\u0131m\u0131n at\u0131laca\u011f\u0131 ifade edildi.<\/strong><\/p>\n<p><h3>Su\u00e7 ve Su\u00e7 \u00d6rg\u00fctleriyle M\u00fccadele<\/h3>\n<\/p>\n<p>Bal\u0131kesir&#8217;de g\u00fcvenli\u011fin sa\u011flanmas\u0131na y\u00f6nelik \u00e7al\u0131\u015fmalar h\u0131z kazan\u0131yor. \u00d6zellikle su\u00e7 \u00f6rg\u00fctlerine kar\u015f\u0131 s\u00fcrd\u00fcr\u00fclen operasyonlar\u0131n artarak devam edece\u011fi bildirildi. Bu kapsamda, Emniyet ve Jandarma ekiplerinin koordinasyonu g\u00fc\u00e7lendirilecek.<\/p>\n<p>&#8211; Bal\u0131kesir halk\u0131n\u0131n g\u00fcvenli\u011fi i\u00e7in kapsaml\u0131 g\u00fcvenlik \u00f6nlemleri al\u0131nacak.<br \/>&#8211; Su\u00e7la m\u00fccadelede teknolojik imkanlardan faydalan\u0131lacak.<br \/>&#8211; Vatanda\u015flar\u0131n g\u00fcvenli\u011fi i\u00e7in 7\/24 esas\u0131na g\u00f6re \u00e7al\u0131\u015fmalar s\u00fcrd\u00fcr\u00fclecek.<\/p>\n<p><h2>Huzur Ortam\u0131 \u0130\u00e7in \u0130stikrarl\u0131 Ad\u0131mlar<\/h2>\n<\/p>\n<p>Vali \u0130smail Ustao\u011flu, a\u00e7\u0131klamalar\u0131nda huzurun tesisine y\u00f6nelik kararl\u0131l\u0131\u011f\u0131n\u0131 yineledi. Bal\u0131kesir&#8217;in huzuru i\u00e7in at\u0131lan ad\u0131mlar\u0131n, T\u00fcrkiye genelinde de huzura katk\u0131 sa\u011flayaca\u011f\u0131 beklentisiyle, t\u00fcm vatanda\u015flar\u0131n bu s\u00fcre\u00e7te destek olmalar\u0131 istendi.<\/p>\n","protected":false},"excerpt":{"rendered":"<p>Bal\u0131kesir&#8217;de G\u00fcvenlik \u00d6nlemleri Art\u0131r\u0131l\u0131yor Bal\u0131kesir Valisi \u0130smail Ustao\u011flu, Bal\u0131kesir&#8217;in huzur ve g\u00fcvenli\u011fini sa\u011flamak amac\u0131yla gerekli \u00f6nlemlerin al\u0131nd\u0131\u011f\u0131n\u0131 belirtti. Emniyet ve Jandarma kuvvetleriyle i\u015f birli\u011fi i\u00e7inde, su\u00e7 ve su\u00e7 \u00f6rg\u00fctlerine kar\u015f\u0131 kararl\u0131l\u0131kla m\u00fccadele edilece\u011fi a\u00e7\u0131kland\u0131. Ortak \u00c7al\u0131\u015fma Vurgusu Vali Ustao\u011flu, Emniyet&#8230;<\/p>\n","protected":false},"author":1,"featured_media":22429,"comment_status":"closed","ping_status":"closed","sticky":false,"template":"","format":"standard","meta":{"footnotes":""},"categories":[36],"tags":[],"class_list":["post-22428","post","type-post","status-publish","format-standard","has-post-thumbnail","hentry","category-manset"],"_links":{"self":[{"href":"http:\/\/gazetevizyon.com\/index.php?rest_route=\/wp\/v2\/posts\/22428","targetHints":{"allow":["GET"]}}],"collection":[{"href":"http:\/\/gazetevizyon.com\/index.php?rest_route=\/wp\/v2\/posts"}],"about":[{"href":"http:\/\/gazetevizyon.com\/index.php?rest_route=\/wp\/v2\/types\/post"}],"author":[{"embeddable":true,"href":"http:\/\/gazetevizyon.com\/index.php?rest_route=\/wp\/v2\/users\/1"}],"replies":[{"embeddable":true,"href":"http:\/\/gazetevizyon.com\/index.php?rest_route=%2Fwp%2Fv2%2Fcomments&post=22428"}],"version-history":[{"count":1,"href":"http:\/\/gazetevizyon.com\/index.php?rest_route=\/wp\/v2\/posts\/22428\/revisions"}],"predecessor-version":[{"id":22453,"href":"http:\/\/gazetevizyon.com\/index.php?rest_route=\/wp\/v2\/posts\/22428\/revisions\/22453"}],"wp:featuredmedia":[{"embeddable":true,"href":"http:\/\/gazetevizyon.com\/index.php?rest_route=\/wp\/v2\/media\/22429"}],"wp:attachment":[{"href":"http:\/\/gazetevizyon.com\/index.php?rest_route=%2Fwp%2Fv2%2Fmedia&parent=22428"}],"wp:term":[{"taxonomy":"category","embeddable":true,"href":"http:\/\/gazetevizyon.com\/index.php?rest_route=%2Fwp%2Fv2%2Fcategories&post=22428"},{"taxonomy":"post_tag","embeddable":true,"href":"http:\/\/gazetevizyon.com\/index.php?rest_route=%2Fwp%2Fv2%2Ftags&post=22428"}],"curies":[{"name":"wp","href":"https:\/\/api.w.org\/{rel}","templated":true}]}}