{"id":22442,"date":"2025-03-03T15:55:00","date_gmt":"2025-03-03T15:55:00","guid":{"rendered":"http:\/\/gazetevizyon.com\/?p=22442"},"modified":"2025-03-03T15:55:00","modified_gmt":"2025-03-03T15:55:00","slug":"bandirma-bilim-ve-sanat-merkezinde-guvenlik-onlemleri-artirildi","status":"publish","type":"post","link":"http:\/\/gazetevizyon.com\/?p=22442","title":{"rendered":"Band\u0131rma Bilim ve Sanat Merkezi&#8217;nde G\u00fcvenlik \u00d6nlemleri Art\u0131r\u0131ld\u0131"},"content":{"rendered":"<p><h2>Band\u0131rma Bilim ve Sanat Merkezi&#8217;ne G\u00fcvenlik G\u00fcncellemeleri<\/h2>\n<\/p>\n<p>Band\u0131rma Belediyesi, \u00f6\u011frencilerin g\u00fcvenli\u011fini art\u0131rmak amac\u0131yla B\u0130LSEM Band\u0131rma Bilim ve Sanat Merkezi\u2019nin bah\u00e7esindeki duvarlara demir parmakl\u0131k eklenmesini sa\u011flad\u0131. Ayr\u0131ca, yeni bir giri\u015f kap\u0131s\u0131 da belediye taraf\u0131ndan in\u015fa edildi.<\/p>\n<p><h3>\u00d6\u011frenci G\u00fcvenli\u011fi \u0130\u00e7in Al\u0131nan \u00d6nlemler<\/h3>\n<\/p>\n<p>Belediye yetkilileri, Band\u0131rma Bilim ve Sanat Merkezi&#8217;nde \u00f6\u011frencilerin daha g\u00fcvenli bir ortamda e\u011fitim alabilmeleri i\u00e7in \u00e7al\u0131\u015fmalar\u0131n\u0131 s\u00fcrd\u00fcr\u00fcyor. Bu kapsamda:<\/p>\n<p><ul>  <\/p>\n<li><strong>Duvar \u00dczerine Demir Parmakl\u0131klar:<\/strong> Bah\u00e7e duvarlar\u0131na eklenen demir parmakl\u0131klar \u00f6\u011frencilerin g\u00fcvenli\u011fini sa\u011flamak amac\u0131yla tasarland\u0131.<\/li>\n<p>  <\/p>\n<li><strong>Giri\u015f Kap\u0131s\u0131 \u0130n\u015fas\u0131:<\/strong> Merkezin giri\u015f noktas\u0131 yenilenerek daha g\u00fcvenli hale getirildi.<\/li>\n<p><\/ul>\n<\/p>\n<p><h3>Neden Bu Ad\u0131mlar At\u0131ld\u0131?<\/h3>\n<\/p>\n<p>Band\u0131rma Belediyesi, \u00f6\u011frencilerin e\u011fitim hayatlar\u0131n\u0131 daha g\u00fcvenli bir ortamda s\u00fcrd\u00fcrebilmelerine olanak tan\u0131mak amac\u0131yla bu \u00f6nlemleri ald\u0131. G\u00fcvenlik konusundaki bu g\u00fcncellemelerle, \u00f6\u011frenciler ve ailelerinin i\u00e7lerinin daha rahat olmas\u0131 hedefleniyor.<\/p>\n","protected":false},"excerpt":{"rendered":"<p>Band\u0131rma Bilim ve Sanat Merkezi&#8217;ne G\u00fcvenlik G\u00fcncellemeleri Band\u0131rma Belediyesi, \u00f6\u011frencilerin g\u00fcvenli\u011fini art\u0131rmak amac\u0131yla B\u0130LSEM Band\u0131rma Bilim ve Sanat Merkezi\u2019nin bah\u00e7esindeki duvarlara demir parmakl\u0131k eklenmesini sa\u011flad\u0131. Ayr\u0131ca, yeni bir giri\u015f kap\u0131s\u0131 da belediye taraf\u0131ndan in\u015fa edildi. \u00d6\u011frenci G\u00fcvenli\u011fi \u0130\u00e7in Al\u0131nan \u00d6nlemler&#8230;<\/p>\n","protected":false},"author":1,"featured_media":22443,"comment_status":"closed","ping_status":"closed","sticky":false,"template":"","format":"standard","meta":{"footnotes":""},"categories":[36],"tags":[],"class_list":["post-22442","post","type-post","status-publish","format-standard","has-post-thumbnail","hentry","category-manset"],"_links":{"self":[{"href":"http:\/\/gazetevizyon.com\/index.php?rest_route=\/wp\/v2\/posts\/22442","targetHints":{"allow":["GET"]}}],"collection":[{"href":"http:\/\/gazetevizyon.com\/index.php?rest_route=\/wp\/v2\/posts"}],"about":[{"href":"http:\/\/gazetevizyon.com\/index.php?rest_route=\/wp\/v2\/types\/post"}],"author":[{"embeddable":true,"href":"http:\/\/gazetevizyon.com\/index.php?rest_route=\/wp\/v2\/users\/1"}],"replies":[{"embeddable":true,"href":"http:\/\/gazetevizyon.com\/index.php?rest_route=%2Fwp%2Fv2%2Fcomments&post=22442"}],"version-history":[{"count":1,"href":"http:\/\/gazetevizyon.com\/index.php?rest_route=\/wp\/v2\/posts\/22442\/revisions"}],"predecessor-version":[{"id":22469,"href":"http:\/\/gazetevizyon.com\/index.php?rest_route=\/wp\/v2\/posts\/22442\/revisions\/22469"}],"wp:featuredmedia":[{"embeddable":true,"href":"http:\/\/gazetevizyon.com\/index.php?rest_route=\/wp\/v2\/media\/22443"}],"wp:attachment":[{"href":"http:\/\/gazetevizyon.com\/index.php?rest_route=%2Fwp%2Fv2%2Fmedia&parent=22442"}],"wp:term":[{"taxonomy":"category","embeddable":true,"href":"http:\/\/gazetevizyon.com\/index.php?rest_route=%2Fwp%2Fv2%2Fcategories&post=22442"},{"taxonomy":"post_tag","embeddable":true,"href":"http:\/\/gazetevizyon.com\/index.php?rest_route=%2Fwp%2Fv2%2Ftags&post=22442"}],"curies":[{"name":"wp","href":"https:\/\/api.w.org\/{rel}","templated":true}]}}