{"id":22464,"date":"2025-03-03T18:52:34","date_gmt":"2025-03-03T18:52:34","guid":{"rendered":"http:\/\/gazetevizyon.com\/?p=22464"},"modified":"2025-03-03T18:52:34","modified_gmt":"2025-03-03T18:52:34","slug":"balikesir-belediye-baskani-ahmet-akindan-gonene-ziyaret","status":"publish","type":"post","link":"http:\/\/gazetevizyon.com\/?p=22464","title":{"rendered":"Bal\u0131kesir Belediye Ba\u015fkan\u0131 Ahmet Ak\u0131n&#8217;dan G\u00f6nen&#8217;e Ziyaret"},"content":{"rendered":"<p><h2>Bal\u0131kesir Belediye Ba\u015fkan\u0131 Ahmet Ak\u0131n&#8217;dan G\u00f6nen \u00c7\u0131karmas\u0131<\/h2>\n<\/p>\n<p>Bal\u0131kesir B\u00fcy\u00fck\u015fehir Belediye Ba\u015fkan\u0131 Ahmet Ak\u0131n, Bal\u0131kesir&#8217;in il\u00e7elerini gezmeye ve kent i\u00e7in fikir al\u0131\u015fveri\u015fi yapmaya devam ediyor. Bu kapsamda Ba\u015fkan Ak\u0131n, G\u00f6nen il\u00e7esinde \u00f6nemli ziyaretlerde bulundu.<\/p>\n<p><h3>G\u00f6nen&#8217;de Kimlerle G\u00f6r\u00fc\u015f\u00fcld\u00fc?<\/h3>\n<p>Ba\u015fkan Ahmet Ak\u0131n, G\u00f6nen ziyaretinde G\u00f6nen Kaymakam\u0131 Ahmet Alt\u0131nta\u015f ve G\u00f6nen Belediye Ba\u015fkan\u0131 \u0130brahim Palaz ile bir araya geldi. Yap\u0131lan g\u00f6r\u00fc\u015fmelerde kar\u015f\u0131l\u0131kl\u0131 fikir al\u0131\u015fveri\u015finde bulunuldu.<\/p>\n<p><h3>\u0130l\u00e7e Ba\u015fkanlar\u0131 ve Meclis \u00dcyeleriyle Bulu\u015fma<\/h3>\n<p>Ba\u015fkan Ak\u0131n, CHP G\u00f6nen \u0130l\u00e7e Ba\u015fkan\u0131 ve meclis \u00fcyeleriyle de g\u00f6r\u00fc\u015ferek, Bal\u0131kesir i\u00e7in yap\u0131lmas\u0131 planlanan projeler hakk\u0131nda isti\u015farelerde bulundu.<\/p>\n<p><h3>Gelecek \u0130\u00e7in Ortak Ak\u0131l ve \u0130\u015f Birli\u011fi Vurgusu<\/h3>\n<p><strong>Bal\u0131kesir&#8217;in gelece\u011fi ortak ak\u0131lla \u015fekillenecek.<\/strong> Ba\u015fkan Ak\u0131n, Bal\u0131kesir&#8217;in emanet oldu\u011funu belirterek, kentin gelece\u011fine dair kararlar\u0131n ortak ak\u0131lla al\u0131nmas\u0131 gerekti\u011fini vurgulad\u0131. \u0130\u015f birli\u011fi i\u00e7erisinde \u00e7al\u0131\u015fmalar\u0131n s\u00fcrece\u011fini ifade etti.<\/p>\n<p>#Bal\u0131kesir #G\u00f6nenZiyareti #AhmetAk\u0131n #Gelecek\u0130\u00e7inOrtakAk\u0131l<\/p>\n","protected":false},"excerpt":{"rendered":"<p>Bal\u0131kesir Belediye Ba\u015fkan\u0131 Ahmet Ak\u0131n&#8217;dan G\u00f6nen \u00c7\u0131karmas\u0131 Bal\u0131kesir B\u00fcy\u00fck\u015fehir Belediye Ba\u015fkan\u0131 Ahmet Ak\u0131n, Bal\u0131kesir&#8217;in il\u00e7elerini gezmeye ve kent i\u00e7in fikir al\u0131\u015fveri\u015fi yapmaya devam ediyor. Bu kapsamda Ba\u015fkan Ak\u0131n, G\u00f6nen il\u00e7esinde \u00f6nemli ziyaretlerde bulundu. G\u00f6nen&#8217;de Kimlerle G\u00f6r\u00fc\u015f\u00fcld\u00fc? Ba\u015fkan Ahmet Ak\u0131n, G\u00f6nen&#8230;<\/p>\n","protected":false},"author":1,"featured_media":22465,"comment_status":"closed","ping_status":"closed","sticky":false,"template":"","format":"standard","meta":{"footnotes":""},"categories":[36],"tags":[],"class_list":["post-22464","post","type-post","status-publish","format-standard","has-post-thumbnail","hentry","category-manset"],"_links":{"self":[{"href":"http:\/\/gazetevizyon.com\/index.php?rest_route=\/wp\/v2\/posts\/22464","targetHints":{"allow":["GET"]}}],"collection":[{"href":"http:\/\/gazetevizyon.com\/index.php?rest_route=\/wp\/v2\/posts"}],"about":[{"href":"http:\/\/gazetevizyon.com\/index.php?rest_route=\/wp\/v2\/types\/post"}],"author":[{"embeddable":true,"href":"http:\/\/gazetevizyon.com\/index.php?rest_route=\/wp\/v2\/users\/1"}],"replies":[{"embeddable":true,"href":"http:\/\/gazetevizyon.com\/index.php?rest_route=%2Fwp%2Fv2%2Fcomments&post=22464"}],"version-history":[{"count":1,"href":"http:\/\/gazetevizyon.com\/index.php?rest_route=\/wp\/v2\/posts\/22464\/revisions"}],"predecessor-version":[{"id":22502,"href":"http:\/\/gazetevizyon.com\/index.php?rest_route=\/wp\/v2\/posts\/22464\/revisions\/22502"}],"wp:featuredmedia":[{"embeddable":true,"href":"http:\/\/gazetevizyon.com\/index.php?rest_route=\/wp\/v2\/media\/22465"}],"wp:attachment":[{"href":"http:\/\/gazetevizyon.com\/index.php?rest_route=%2Fwp%2Fv2%2Fmedia&parent=22464"}],"wp:term":[{"taxonomy":"category","embeddable":true,"href":"http:\/\/gazetevizyon.com\/index.php?rest_route=%2Fwp%2Fv2%2Fcategories&post=22464"},{"taxonomy":"post_tag","embeddable":true,"href":"http:\/\/gazetevizyon.com\/index.php?rest_route=%2Fwp%2Fv2%2Ftags&post=22464"}],"curies":[{"name":"wp","href":"https:\/\/api.w.org\/{rel}","templated":true}]}}