{"id":22475,"date":"2025-03-03T18:54:47","date_gmt":"2025-03-03T18:54:47","guid":{"rendered":"http:\/\/gazetevizyon.com\/?p=22475"},"modified":"2025-03-03T18:54:47","modified_gmt":"2025-03-03T18:54:47","slug":"balikesir-valiligi-koordinasyonu-ile-siki-denetim-sureci-devam-ediyor","status":"publish","type":"post","link":"http:\/\/gazetevizyon.com\/?p=22475","title":{"rendered":"Bal\u0131kesir Valili\u011fi Koordinasyonu ile S\u0131k\u0131 Denetim S\u00fcreci Devam Ediyor"},"content":{"rendered":"<p><h2>Bal\u0131kesir&#8217;de Denetimler B\u00fct\u00fcn H\u0131z\u0131yla S\u00fcr\u00fcyor<\/h2>\n<\/p>\n<p>Bal\u0131kesir Valili\u011fi&#8217;nin koordinasyonunda, Ticaret \u0130l M\u00fcd\u00fcrl\u00fc\u011f\u00fc taraf\u0131ndan y\u00fcr\u00fct\u00fclen denetimler, \u015fehir genelinde h\u0131z kesmeden devam ediyor. <strong>Kentteki ticari faaliyetler<\/strong> ve t\u00fcketici haklar\u0131n\u0131n korunmas\u0131n\u0131 sa\u011flamak amac\u0131yla hayata ge\u00e7irilen bu denetimler, vatanda\u015flar\u0131n g\u00fcvenli al\u0131\u015fveri\u015f yapmas\u0131n\u0131 hedefliyor.<\/p>\n<p><h3>Denetimlerin Amac\u0131 ve Kapsam\u0131<\/h3>\n<\/p>\n<p>Bu denetim s\u00fcreci, \u00f6ncelikle ticarette d\u00fcr\u00fcstl\u00fck ve \u015feffafl\u0131k ilkelerini koruyarak t\u00fcketici haklar\u0131n\u0131n ihlal edilmesini \u00f6nlemeyi ama\u00e7l\u0131yor. \u00d6zellikle:<\/p>\n<p><ul>  <\/p>\n<li>Ticari hilelerin tespit edilmesi,<\/li>\n<p>  <\/p>\n<li>Fiyat etiketlerinin kontrolleri,<\/li>\n<p>  <\/p>\n<li>\u00dcr\u00fcn standartlar\u0131n\u0131n sa\u011flanmas\u0131,<\/li>\n<p>  <\/p>\n<li>T\u00fcketici \u015fikayetlerinin de\u011ferlendirilmesi konular\u0131nda yo\u011funla\u015f\u0131l\u0131yor.<\/li>\n<p><\/ul>\n<\/p>\n<p><h2>Ticaret \u0130l M\u00fcd\u00fcrl\u00fc\u011f\u00fc ve Valilik \u0130\u015fbirli\u011fi<\/h2>\n<\/p>\n<p>Bal\u0131kesir Ticaret \u0130l M\u00fcd\u00fcrl\u00fc\u011f\u00fc, sa\u011flanan bu i\u015fbirli\u011fi ile sahadaki denetimlerini Valilik deste\u011fi ile geni\u015fletiyor. Yetkililer, bu \u00e7al\u0131\u015fmalar\u0131n \u015fehirdeki ticari d\u00fczenin korunmas\u0131na \u00f6nemli katk\u0131lar sundu\u011funu ifade ediyor. Vatanda\u015flar\u0131n <strong>g\u00fcvenli ve adil bir ticaret ortam\u0131nda<\/strong> al\u0131\u015fveri\u015f yapabilmesi i\u00e7in al\u0131nan tedbirler olduk\u00e7a etkili oluyor.<\/p>\n<p><h3>T\u00fcketici Haklar\u0131 ve \u015eeffafl\u0131k<\/h3>\n<\/p>\n<p>Denetimlerin arka plan\u0131nda t\u00fcketiciler i\u00e7in \u015feffaf bir piyasa yap\u0131s\u0131n\u0131n olu\u015fturulmas\u0131 yat\u0131yor. Uygulanan kontroller, t\u00fcketici haklar\u0131n\u0131n korunmas\u0131na \u00f6nem veriyor ve haks\u0131z kazan\u00e7lar\u0131n \u00f6n\u00fcne ge\u00e7meyi hedefliyor.<\/p>\n<p><h2>Gelecek Denetim Planlar\u0131<\/h2>\n<\/p>\n<p>Gelecek d\u00f6nemlerde bu denetimlerin daha da s\u0131kla\u015faca\u011f\u0131 ve kapsam\u0131n\u0131n geni\u015fletilece\u011fi bilgisi payla\u015f\u0131ld\u0131. Bal\u0131kesir Valili\u011fi ve Ticaret \u0130l M\u00fcd\u00fcrl\u00fc\u011f\u00fc, t\u00fcketici g\u00fcvenli\u011fini ilgilendiren t\u00fcm unsurlara y\u00fcksek hassasiyet g\u00f6stererek, vatanda\u015f memnuniyetini art\u0131rmay\u0131 s\u00fcrd\u00fcrecek.<\/p>\n<p><strong>Bal\u0131kesir&#8217;deki bu etkin denetim \u00e7al\u0131\u015fmalar\u0131<\/strong> halk\u0131n takdirini kazan\u0131rken, ticaret alan\u0131nda kalitenin art\u0131r\u0131lmas\u0131na y\u00f6nelik kararl\u0131l\u0131k devam ediyor.<\/p>\n","protected":false},"excerpt":{"rendered":"<p>Bal\u0131kesir&#8217;de Denetimler B\u00fct\u00fcn H\u0131z\u0131yla S\u00fcr\u00fcyor Bal\u0131kesir Valili\u011fi&#8217;nin koordinasyonunda, Ticaret \u0130l M\u00fcd\u00fcrl\u00fc\u011f\u00fc taraf\u0131ndan y\u00fcr\u00fct\u00fclen denetimler, \u015fehir genelinde h\u0131z kesmeden devam ediyor. Kentteki ticari faaliyetler ve t\u00fcketici haklar\u0131n\u0131n korunmas\u0131n\u0131 sa\u011flamak amac\u0131yla hayata ge\u00e7irilen bu denetimler, vatanda\u015flar\u0131n g\u00fcvenli al\u0131\u015fveri\u015f yapmas\u0131n\u0131 hedefliyor. Denetimlerin Amac\u0131&#8230;<\/p>\n","protected":false},"author":1,"featured_media":22476,"comment_status":"closed","ping_status":"closed","sticky":false,"template":"","format":"standard","meta":{"footnotes":""},"categories":[36],"tags":[],"class_list":["post-22475","post","type-post","status-publish","format-standard","has-post-thumbnail","hentry","category-manset"],"_links":{"self":[{"href":"http:\/\/gazetevizyon.com\/index.php?rest_route=\/wp\/v2\/posts\/22475","targetHints":{"allow":["GET"]}}],"collection":[{"href":"http:\/\/gazetevizyon.com\/index.php?rest_route=\/wp\/v2\/posts"}],"about":[{"href":"http:\/\/gazetevizyon.com\/index.php?rest_route=\/wp\/v2\/types\/post"}],"author":[{"embeddable":true,"href":"http:\/\/gazetevizyon.com\/index.php?rest_route=\/wp\/v2\/users\/1"}],"replies":[{"embeddable":true,"href":"http:\/\/gazetevizyon.com\/index.php?rest_route=%2Fwp%2Fv2%2Fcomments&post=22475"}],"version-history":[{"count":1,"href":"http:\/\/gazetevizyon.com\/index.php?rest_route=\/wp\/v2\/posts\/22475\/revisions"}],"predecessor-version":[{"id":22504,"href":"http:\/\/gazetevizyon.com\/index.php?rest_route=\/wp\/v2\/posts\/22475\/revisions\/22504"}],"wp:featuredmedia":[{"embeddable":true,"href":"http:\/\/gazetevizyon.com\/index.php?rest_route=\/wp\/v2\/media\/22476"}],"wp:attachment":[{"href":"http:\/\/gazetevizyon.com\/index.php?rest_route=%2Fwp%2Fv2%2Fmedia&parent=22475"}],"wp:term":[{"taxonomy":"category","embeddable":true,"href":"http:\/\/gazetevizyon.com\/index.php?rest_route=%2Fwp%2Fv2%2Fcategories&post=22475"},{"taxonomy":"post_tag","embeddable":true,"href":"http:\/\/gazetevizyon.com\/index.php?rest_route=%2Fwp%2Fv2%2Ftags&post=22475"}],"curies":[{"name":"wp","href":"https:\/\/api.w.org\/{rel}","templated":true}]}}