{"id":22477,"date":"2025-03-03T18:54:48","date_gmt":"2025-03-03T18:54:48","guid":{"rendered":"http:\/\/gazetevizyon.com\/?p=22477"},"modified":"2025-03-03T18:54:48","modified_gmt":"2025-03-03T18:54:48","slug":"chp-lideri-ozgur-ozelin-tbmm-grup-toplantisi-konusmasi","status":"publish","type":"post","link":"http:\/\/gazetevizyon.com\/?p=22477","title":{"rendered":"CHP Lideri \u00d6zg\u00fcr \u00d6zel&#8217;in TBMM Grup Toplant\u0131s\u0131 Konu\u015fmas\u0131"},"content":{"rendered":"<p><h2>\u00d6zg\u00fcr \u00d6zel TBMM Grup Toplant\u0131s\u0131nda Konu\u015facak<\/h2>\n<\/p>\n<p><strong>CHP Genel Ba\u015fkan\u0131 \u00d6zg\u00fcr \u00d6zel<\/strong>, yar\u0131n T\u00fcrkiye B\u00fcy\u00fck Millet Meclisi&#8217;nde partisinin haftal\u0131k grup toplant\u0131s\u0131nda \u00f6nemli a\u00e7\u0131klamalar yapacak. TBMM grup toplant\u0131s\u0131, partinin gelecek stratejileri ve g\u00fcndem konular\u0131n\u0131 ele alacak.<\/p>\n<p><h3>\u00d6zg\u00fcr \u00d6zel&#8217;in Konu\u015fmas\u0131 Ne Zaman?<\/h3>\n<p>\u00d6zg\u00fcr \u00d6zel&#8217;in konu\u015fmas\u0131, <strong>4 Mart Sal\u0131<\/strong> g\u00fcn\u00fc saat <strong>13.30<\/strong>\u2019da ba\u015flayacak. Toplant\u0131, partinin Bal\u0131kesir \u0130l Ba\u015fkanl\u0131\u011f\u0131 taraf\u0131ndan duyuruldu.<\/p>\n<p><h3>Toplant\u0131n\u0131n \u00d6nemi ve \u0130\u00e7eri\u011fi<\/h3>\n<p>Toplant\u0131da, g\u00fcncel siyasi geli\u015fmeler, CHP&#8217;nin politikalar\u0131 ve \u00fclke sorunlar\u0131na dair \u00e7\u00f6z\u00fcm \u00f6nerileri masaya yat\u0131r\u0131lacak. \u00d6zel, verece\u011fi mesajlarla partinin gelecekteki politik yol haritas\u0131n\u0131 \u00e7izecek.<\/p>\n<p><ul>  <\/p>\n<li>Siyasi G\u00fcndem ve Stratejiler<\/li>\n<p>  <\/p>\n<li>Parti Politikalar\u0131 ve Vizyonu<\/li>\n<p>  <\/p>\n<li>G\u00fcncel Geli\u015fmelerin De\u011ferlendirilmesi<\/li>\n<p><\/ul>\n<\/p>\n<p><h2>CHP Grup Toplant\u0131s\u0131n\u0131n Yer ve Zaman\u0131<\/h2>\n<p>TBMM\u2019de ger\u00e7ekle\u015fecek olan bu toplant\u0131, CHP\u2019nin farkl\u0131 b\u00f6lgelerinden kat\u0131l\u0131m g\u00f6sterecek partililere de ev sahipli\u011fi yapacak. Toplant\u0131ya t\u00fcm milletvekilleri ve bas\u0131n mensuplar\u0131 davetlidir.<\/p>\n<p><strong>Toplant\u0131 Yay\u0131n Detaylar\u0131:<\/strong><br \/>\u00d6zg\u00fcr \u00d6zel&#8217;in yapaca\u011f\u0131 konu\u015fman\u0131n bas\u0131n mensuplar\u0131 ve internet \u00fczerinden canl\u0131 olarak takip edilebilece\u011fi belirtiliyor.<\/p>\n","protected":false},"excerpt":{"rendered":"<p>\u00d6zg\u00fcr \u00d6zel TBMM Grup Toplant\u0131s\u0131nda Konu\u015facak CHP Genel Ba\u015fkan\u0131 \u00d6zg\u00fcr \u00d6zel, yar\u0131n T\u00fcrkiye B\u00fcy\u00fck Millet Meclisi&#8217;nde partisinin haftal\u0131k grup toplant\u0131s\u0131nda \u00f6nemli a\u00e7\u0131klamalar yapacak. TBMM grup toplant\u0131s\u0131, partinin gelecek stratejileri ve g\u00fcndem konular\u0131n\u0131 ele alacak. \u00d6zg\u00fcr \u00d6zel&#8217;in Konu\u015fmas\u0131 Ne Zaman? \u00d6zg\u00fcr&#8230;<\/p>\n","protected":false},"author":1,"featured_media":22478,"comment_status":"closed","ping_status":"closed","sticky":false,"template":"","format":"standard","meta":{"footnotes":""},"categories":[23],"tags":[],"class_list":["post-22477","post","type-post","status-publish","format-standard","has-post-thumbnail","hentry","category-siyaset"],"_links":{"self":[{"href":"http:\/\/gazetevizyon.com\/index.php?rest_route=\/wp\/v2\/posts\/22477","targetHints":{"allow":["GET"]}}],"collection":[{"href":"http:\/\/gazetevizyon.com\/index.php?rest_route=\/wp\/v2\/posts"}],"about":[{"href":"http:\/\/gazetevizyon.com\/index.php?rest_route=\/wp\/v2\/types\/post"}],"author":[{"embeddable":true,"href":"http:\/\/gazetevizyon.com\/index.php?rest_route=\/wp\/v2\/users\/1"}],"replies":[{"embeddable":true,"href":"http:\/\/gazetevizyon.com\/index.php?rest_route=%2Fwp%2Fv2%2Fcomments&post=22477"}],"version-history":[{"count":1,"href":"http:\/\/gazetevizyon.com\/index.php?rest_route=\/wp\/v2\/posts\/22477\/revisions"}],"predecessor-version":[{"id":22505,"href":"http:\/\/gazetevizyon.com\/index.php?rest_route=\/wp\/v2\/posts\/22477\/revisions\/22505"}],"wp:featuredmedia":[{"embeddable":true,"href":"http:\/\/gazetevizyon.com\/index.php?rest_route=\/wp\/v2\/media\/22478"}],"wp:attachment":[{"href":"http:\/\/gazetevizyon.com\/index.php?rest_route=%2Fwp%2Fv2%2Fmedia&parent=22477"}],"wp:term":[{"taxonomy":"category","embeddable":true,"href":"http:\/\/gazetevizyon.com\/index.php?rest_route=%2Fwp%2Fv2%2Fcategories&post=22477"},{"taxonomy":"post_tag","embeddable":true,"href":"http:\/\/gazetevizyon.com\/index.php?rest_route=%2Fwp%2Fv2%2Ftags&post=22477"}],"curies":[{"name":"wp","href":"https:\/\/api.w.org\/{rel}","templated":true}]}}