{"id":22530,"date":"2025-03-04T03:53:38","date_gmt":"2025-03-04T03:53:38","guid":{"rendered":"http:\/\/gazetevizyon.com\/?p=22530"},"modified":"2025-03-04T03:53:38","modified_gmt":"2025-03-04T03:53:38","slug":"bandirmada-cami-cocuk-bulusmasi-genclerle-birlikte-teravih-coskusu","status":"publish","type":"post","link":"http:\/\/gazetevizyon.com\/?p=22530","title":{"rendered":"Band\u0131rma&#8217;da Cami \u00c7ocuk Bulu\u015fmas\u0131: Gen\u00e7lerle Birlikte Teravih Co\u015fkusu"},"content":{"rendered":"<p><h2>Band\u0131rma&#8217;da Cami \u00c7ocuk Bulu\u015fmas\u0131 Ger\u00e7ekle\u015fti<\/h2>\n<\/p>\n<p>600 Evler Camii&#8217;nde d\u00fczenlenen &#8220;\u015eehirlerimizin Kalbi Camide Bulu\u015fuyoruz&#8221; projesi <strong>\u00e7ocuk bulu\u015fmas\u0131<\/strong> etkinli\u011fi ile co\u015fkulu anlara sahne oldu. Etkinli\u011fe, \u0130l\u00e7e M\u00fcft\u00fcs\u00fc Dr. Abdulhamid Pehlivan ve \u00e7ocuklar kat\u0131ld\u0131.<\/p>\n<p><h3>Teravih Namaz\u0131 ile Gen\u00e7 Kalplerde Bulu\u015fma<\/h3>\n<\/p>\n<p>Etkinlik kapsam\u0131nda, 600 Evler Camii&#8217;nde cemaat ile birlikte <strong>Yats\u0131 ve Teravih namazlar\u0131<\/strong> k\u0131l\u0131nd\u0131. Namaz\u0131n ard\u0131ndan, \u0130l\u00e7e M\u00fcft\u00fcs\u00fc Dr. Abdulhamid Pehlivan \u00e7ocuklarla sohbet ederek onlarla yak\u0131ndan ilgilendi.<\/p>\n<p><h3>Cami G\u00f6revlileri Etkinli\u011fe E\u015flik Etti<\/h3>\n<\/p>\n<p>Program boyunca, 600 Evler Camii g\u00f6revlileri de haz\u0131r bulundu ve etkinli\u011fin d\u00fczenlenmesine katk\u0131 sa\u011flad\u0131.<\/p>\n<p><ul>  <\/p>\n<li>Yats\u0131 ve Teravih namazlar\u0131 co\u015fkulu bir atmosferde k\u0131l\u0131nd\u0131.<\/li>\n<p>  <\/p>\n<li>\u0130l\u00e7e M\u00fcft\u00fcs\u00fc \u00e7ocuklarla samimi diyaloglar kurdu.<\/li>\n<p>  <\/p>\n<li>Cami g\u00f6revlileri etkinlik s\u00fcresince destek verdi.<\/li>\n<p><\/ul>\n<\/p>\n<p><strong>Band\u0131rma<\/strong>&#8216;da bu t\u00fcr etkinliklerle \u00e7ocuklar\u0131n camilerle bulu\u015fturulmas\u0131 hedefleniyor. Toplumsal birlikteli\u011fi g\u00fc\u00e7lendiren ve gen\u00e7lerin camiye olan ilgisini art\u0131ran bu t\u00fcr bulu\u015fmalar, gelecek etkinliklere de ilham kayna\u011f\u0131 olacak.<\/p>\n","protected":false},"excerpt":{"rendered":"<p>Band\u0131rma&#8217;da Cami \u00c7ocuk Bulu\u015fmas\u0131 Ger\u00e7ekle\u015fti 600 Evler Camii&#8217;nde d\u00fczenlenen &#8220;\u015eehirlerimizin Kalbi Camide Bulu\u015fuyoruz&#8221; projesi \u00e7ocuk bulu\u015fmas\u0131 etkinli\u011fi ile co\u015fkulu anlara sahne oldu. Etkinli\u011fe, \u0130l\u00e7e M\u00fcft\u00fcs\u00fc Dr. Abdulhamid Pehlivan ve \u00e7ocuklar kat\u0131ld\u0131. Teravih Namaz\u0131 ile Gen\u00e7 Kalplerde Bulu\u015fma Etkinlik kapsam\u0131nda, 600&#8230;<\/p>\n","protected":false},"author":1,"featured_media":22531,"comment_status":"closed","ping_status":"closed","sticky":false,"template":"","format":"standard","meta":{"footnotes":""},"categories":[36],"tags":[],"class_list":["post-22530","post","type-post","status-publish","format-standard","has-post-thumbnail","hentry","category-manset"],"_links":{"self":[{"href":"http:\/\/gazetevizyon.com\/index.php?rest_route=\/wp\/v2\/posts\/22530","targetHints":{"allow":["GET"]}}],"collection":[{"href":"http:\/\/gazetevizyon.com\/index.php?rest_route=\/wp\/v2\/posts"}],"about":[{"href":"http:\/\/gazetevizyon.com\/index.php?rest_route=\/wp\/v2\/types\/post"}],"author":[{"embeddable":true,"href":"http:\/\/gazetevizyon.com\/index.php?rest_route=\/wp\/v2\/users\/1"}],"replies":[{"embeddable":true,"href":"http:\/\/gazetevizyon.com\/index.php?rest_route=%2Fwp%2Fv2%2Fcomments&post=22530"}],"version-history":[{"count":1,"href":"http:\/\/gazetevizyon.com\/index.php?rest_route=\/wp\/v2\/posts\/22530\/revisions"}],"predecessor-version":[{"id":22536,"href":"http:\/\/gazetevizyon.com\/index.php?rest_route=\/wp\/v2\/posts\/22530\/revisions\/22536"}],"wp:featuredmedia":[{"embeddable":true,"href":"http:\/\/gazetevizyon.com\/index.php?rest_route=\/wp\/v2\/media\/22531"}],"wp:attachment":[{"href":"http:\/\/gazetevizyon.com\/index.php?rest_route=%2Fwp%2Fv2%2Fmedia&parent=22530"}],"wp:term":[{"taxonomy":"category","embeddable":true,"href":"http:\/\/gazetevizyon.com\/index.php?rest_route=%2Fwp%2Fv2%2Fcategories&post=22530"},{"taxonomy":"post_tag","embeddable":true,"href":"http:\/\/gazetevizyon.com\/index.php?rest_route=%2Fwp%2Fv2%2Ftags&post=22530"}],"curies":[{"name":"wp","href":"https:\/\/api.w.org\/{rel}","templated":true}]}}