{"id":22791,"date":"2025-03-06T22:56:39","date_gmt":"2025-03-06T22:56:39","guid":{"rendered":"http:\/\/gazetevizyon.com\/?p=22791"},"modified":"2025-03-06T22:56:39","modified_gmt":"2025-03-06T22:56:39","slug":"chp-balikesir-il-baskanligindan-8-mart-dunya-emekci-kadinlar-gunu-yuruyusu-daveti","status":"publish","type":"post","link":"http:\/\/gazetevizyon.com\/?p=22791","title":{"rendered":"CHP Bal\u0131kesir \u0130l Ba\u015fkanl\u0131\u011f\u0131&#8217;ndan 8 Mart D\u00fcnya Emek\u00e7i Kad\u0131nlar G\u00fcn\u00fc Y\u00fcr\u00fcy\u00fc\u015f\u00fc Daveti"},"content":{"rendered":"<p><p><strong>Bal\u0131kesir&#8217;de 8 Mart D\u00fcnya Emek\u00e7i Kad\u0131nlar G\u00fcn\u00fc Kutlan\u0131yor<\/strong><\/p>\n<p><\/p>\n<p>CHP Bal\u0131kesir \u0130l Ba\u015fkanl\u0131\u011f\u0131, <strong>8 Mart D\u00fcnya Emek\u00e7i Kad\u0131nlar G\u00fcn\u00fc<\/strong> m\u00fcnasebetiyle bir y\u00fcr\u00fcy\u00fc\u015f ve bas\u0131n a\u00e7\u0131klamas\u0131 d\u00fczenleyecek. Etkinlik, <strong>8 Mart Cumartesi g\u00fcn\u00fc saat 11:45&#8217;te<\/strong> Salih Tozan K\u00fclt\u00fcr Merkezi \u00f6n\u00fcnden ba\u015flayacak.<\/p>\n<p><\/p>\n<p><h2>Y\u00fcr\u00fcy\u00fc\u015fle \u0130lgili Detaylar<\/h2>\n<\/p>\n<p><\/p>\n<p>* <strong>Ba\u015flang\u0131\u00e7 Noktas\u0131:<\/strong> Salih Tozan K\u00fclt\u00fcr Merkezi<br \/>* <strong>Tarih ve Saat:<\/strong> 8 Mart Cumartesi, saat 11:45<br \/>* <strong>Ama\u00e7:<\/strong>  Kad\u0131n haklar\u0131n\u0131n savunulmas\u0131, cinsiyet e\u015fitli\u011finin vurgulanmas\u0131 ve kad\u0131nlar\u0131n toplumsal ya\u015famdaki \u00f6nemine dikkat \u00e7ekilmesi.<\/p>\n<p><\/p>\n<p>CHP Bal\u0131kesir \u0130l Ba\u015fkanl\u0131\u011f\u0131, <strong>birlik, m\u00fccadele ve dayan\u0131\u015fman\u0131n<\/strong> \u00f6nemini vurgulayarak t\u00fcm Bal\u0131kesir halk\u0131n\u0131 bu \u00f6nemli g\u00fcnde omuz omuza durmaya davet etti. <\/p>\n<p><\/p>\n<p><h2>Etkinlik \u00d6nemi<\/h2>\n<\/p>\n<p><\/p>\n<p>Bu y\u00fcr\u00fcy\u00fc\u015f, sadece bir kutlama de\u011fil, ayn\u0131 zamanda kad\u0131nlar\u0131n toplumsal hayatta kar\u015f\u0131la\u015ft\u0131\u011f\u0131 zorluklara dikkat \u00e7ekmek ve de\u011fi\u015fimi te\u015fvik etmek amac\u0131yla d\u00fczenlenen \u00f6nemli bir etkinliktir. CHP Bal\u0131kesir \u0130l Ba\u015fkanl\u0131\u011f\u0131, bu etkinlikle kad\u0131n haklar\u0131n\u0131n savunulmas\u0131nda kararl\u0131l\u0131klar\u0131n\u0131 bir kez daha g\u00f6stereceklerini belirtti.<\/p><\/p>\n","protected":false},"excerpt":{"rendered":"<p>Bal\u0131kesir&#8217;de 8 Mart D\u00fcnya Emek\u00e7i Kad\u0131nlar G\u00fcn\u00fc Kutlan\u0131yor CHP Bal\u0131kesir \u0130l Ba\u015fkanl\u0131\u011f\u0131, 8 Mart D\u00fcnya Emek\u00e7i Kad\u0131nlar G\u00fcn\u00fc m\u00fcnasebetiyle bir y\u00fcr\u00fcy\u00fc\u015f ve bas\u0131n a\u00e7\u0131klamas\u0131 d\u00fczenleyecek. Etkinlik, 8 Mart Cumartesi g\u00fcn\u00fc saat 11:45&#8217;te Salih Tozan K\u00fclt\u00fcr Merkezi \u00f6n\u00fcnden ba\u015flayacak. Y\u00fcr\u00fcy\u00fc\u015fle \u0130lgili&#8230;<\/p>\n","protected":false},"author":1,"featured_media":22792,"comment_status":"closed","ping_status":"closed","sticky":false,"template":"","format":"standard","meta":{"footnotes":""},"categories":[23],"tags":[],"class_list":["post-22791","post","type-post","status-publish","format-standard","has-post-thumbnail","hentry","category-siyaset"],"_links":{"self":[{"href":"http:\/\/gazetevizyon.com\/index.php?rest_route=\/wp\/v2\/posts\/22791","targetHints":{"allow":["GET"]}}],"collection":[{"href":"http:\/\/gazetevizyon.com\/index.php?rest_route=\/wp\/v2\/posts"}],"about":[{"href":"http:\/\/gazetevizyon.com\/index.php?rest_route=\/wp\/v2\/types\/post"}],"author":[{"embeddable":true,"href":"http:\/\/gazetevizyon.com\/index.php?rest_route=\/wp\/v2\/users\/1"}],"replies":[{"embeddable":true,"href":"http:\/\/gazetevizyon.com\/index.php?rest_route=%2Fwp%2Fv2%2Fcomments&post=22791"}],"version-history":[{"count":1,"href":"http:\/\/gazetevizyon.com\/index.php?rest_route=\/wp\/v2\/posts\/22791\/revisions"}],"predecessor-version":[{"id":22800,"href":"http:\/\/gazetevizyon.com\/index.php?rest_route=\/wp\/v2\/posts\/22791\/revisions\/22800"}],"wp:featuredmedia":[{"embeddable":true,"href":"http:\/\/gazetevizyon.com\/index.php?rest_route=\/wp\/v2\/media\/22792"}],"wp:attachment":[{"href":"http:\/\/gazetevizyon.com\/index.php?rest_route=%2Fwp%2Fv2%2Fmedia&parent=22791"}],"wp:term":[{"taxonomy":"category","embeddable":true,"href":"http:\/\/gazetevizyon.com\/index.php?rest_route=%2Fwp%2Fv2%2Fcategories&post=22791"},{"taxonomy":"post_tag","embeddable":true,"href":"http:\/\/gazetevizyon.com\/index.php?rest_route=%2Fwp%2Fv2%2Ftags&post=22791"}],"curies":[{"name":"wp","href":"https:\/\/api.w.org\/{rel}","templated":true}]}}