{"id":22805,"date":"2025-03-07T02:32:57","date_gmt":"2025-03-07T02:32:57","guid":{"rendered":"http:\/\/gazetevizyon.com\/?p=22805"},"modified":"2025-03-07T02:32:57","modified_gmt":"2025-03-07T02:32:57","slug":"balikesir-buyuksehir-belediyesi-baskani-ahmet-akindan-sindirgiya-ovgu","status":"publish","type":"post","link":"http:\/\/gazetevizyon.com\/?p=22805","title":{"rendered":"Bal\u0131kesir B\u00fcy\u00fck\u015fehir Belediyesi Ba\u015fkan\u0131 Ahmet Ak\u0131n&#8217;dan S\u0131nd\u0131rg\u0131&#8217;ya \u00d6vg\u00fc"},"content":{"rendered":"<p><p><strong>Bal\u0131kesir B\u00fcy\u00fck\u015fehir Belediyesi Ba\u015fkan\u0131 Ahmet Ak\u0131n, S\u0131nd\u0131rg\u0131 il\u00e7esinde d\u00fczenlenen iftar program\u0131na kat\u0131ld\u0131.<\/strong>  Programda hem\u015fehrileriyle bir araya gelen Ba\u015fkan Ak\u0131n, birlik ve beraberli\u011fin \u00f6nemine de\u011findi.<\/p>\n<p><\/p>\n<p><strong>&#8220;\u00c7ok g\u00fczelsin S\u0131nd\u0131rg\u0131&#8221;<\/strong> ifadelerini kullanarak il\u00e7enin g\u00fczelli\u011fine vurgu yapan Ak\u0131n, iftar\u0131n bereketini hem\u015fehrileriyle payla\u015fman\u0131n mutlulu\u011funu ya\u015fad\u0131.  <\/p>\n<p><\/p>\n<p>Ak\u0131n, &#8220;Bizim i\u00e7in hem\u015fehrilerimizle birlikte oldu\u011fumuz her an \u00e7ok k\u0131ymetli. Allah birli\u011fimizi bozmas\u0131n&#8221; dedi.<\/p>\n<p><\/p>\n<p>Bal\u0131kesir B\u00fcy\u00fck\u015fehir Belediyesi taraf\u0131ndan d\u00fczenlenen iftar program\u0131na; S\u0131nd\u0131rg\u0131 Kaymakam\u0131 Abdil Ko\u00e7,  S\u0131nd\u0131rg\u0131 Belediye Ba\u015fkan\u0131 \u0130smail Hediye, Cumhuriyet Ba\u015fsavc\u0131s\u0131 Mehmet Akif Kubatl\u0131,  daire ba\u015fkanlar\u0131, sivil toplum kurulu\u015flar\u0131n\u0131n temsilcileri ve \u00e7ok say\u0131da vatanda\u015f kat\u0131ld\u0131.<\/p><\/p>\n","protected":false},"excerpt":{"rendered":"<p>Bal\u0131kesir B\u00fcy\u00fck\u015fehir Belediyesi Ba\u015fkan\u0131 Ahmet Ak\u0131n, S\u0131nd\u0131rg\u0131 il\u00e7esinde d\u00fczenlenen iftar program\u0131na kat\u0131ld\u0131. Programda hem\u015fehrileriyle bir araya gelen Ba\u015fkan Ak\u0131n, birlik ve beraberli\u011fin \u00f6nemine de\u011findi. &#8220;\u00c7ok g\u00fczelsin S\u0131nd\u0131rg\u0131&#8221; ifadelerini kullanarak il\u00e7enin g\u00fczelli\u011fine vurgu yapan Ak\u0131n, iftar\u0131n bereketini hem\u015fehrileriyle payla\u015fman\u0131n mutlulu\u011funu ya\u015fad\u0131&#8230;.<\/p>\n","protected":false},"author":1,"featured_media":22806,"comment_status":"closed","ping_status":"closed","sticky":false,"template":"","format":"standard","meta":{"footnotes":""},"categories":[36],"tags":[],"class_list":["post-22805","post","type-post","status-publish","format-standard","has-post-thumbnail","hentry","category-manset"],"_links":{"self":[{"href":"http:\/\/gazetevizyon.com\/index.php?rest_route=\/wp\/v2\/posts\/22805","targetHints":{"allow":["GET"]}}],"collection":[{"href":"http:\/\/gazetevizyon.com\/index.php?rest_route=\/wp\/v2\/posts"}],"about":[{"href":"http:\/\/gazetevizyon.com\/index.php?rest_route=\/wp\/v2\/types\/post"}],"author":[{"embeddable":true,"href":"http:\/\/gazetevizyon.com\/index.php?rest_route=\/wp\/v2\/users\/1"}],"replies":[{"embeddable":true,"href":"http:\/\/gazetevizyon.com\/index.php?rest_route=%2Fwp%2Fv2%2Fcomments&post=22805"}],"version-history":[{"count":1,"href":"http:\/\/gazetevizyon.com\/index.php?rest_route=\/wp\/v2\/posts\/22805\/revisions"}],"predecessor-version":[{"id":22810,"href":"http:\/\/gazetevizyon.com\/index.php?rest_route=\/wp\/v2\/posts\/22805\/revisions\/22810"}],"wp:featuredmedia":[{"embeddable":true,"href":"http:\/\/gazetevizyon.com\/index.php?rest_route=\/wp\/v2\/media\/22806"}],"wp:attachment":[{"href":"http:\/\/gazetevizyon.com\/index.php?rest_route=%2Fwp%2Fv2%2Fmedia&parent=22805"}],"wp:term":[{"taxonomy":"category","embeddable":true,"href":"http:\/\/gazetevizyon.com\/index.php?rest_route=%2Fwp%2Fv2%2Fcategories&post=22805"},{"taxonomy":"post_tag","embeddable":true,"href":"http:\/\/gazetevizyon.com\/index.php?rest_route=%2Fwp%2Fv2%2Ftags&post=22805"}],"curies":[{"name":"wp","href":"https:\/\/api.w.org\/{rel}","templated":true}]}}