{"id":22822,"date":"2025-03-07T13:08:33","date_gmt":"2025-03-07T13:08:33","guid":{"rendered":"http:\/\/gazetevizyon.com\/?p=22822"},"modified":"2025-03-07T13:08:33","modified_gmt":"2025-03-07T13:08:33","slug":"duayen-gazeteci-cetin-emec-anildi","status":"publish","type":"post","link":"http:\/\/gazetevizyon.com\/?p=22822","title":{"rendered":"Duayen Gazeteci \u00c7etin Eme\u00e7 An\u0131ld\u0131"},"content":{"rendered":"<p>\n<h2>Gazetecili\u011fin Duayeni: \u00c7etin Eme\u00e7<\/h2>\n<\/p>\n<p><\/p>\n<p><p>Bal\u0131kesir&#8217;in gurur duydu\u011fu isimlerden biri olan duayen gazeteci \u00c7etin Eme\u00e7, 7 Mart 1990 tarihinde hayat\u0131n\u0131 kaybetti\u011fi g\u00fcn an\u0131ld\u0131. 17 ya\u015f\u0131nda ba\u015flad\u0131\u011f\u0131 gazetecilik mesle\u011fine kesintisiz bir \u015fekilde devam eden Eme\u00e7, cesur ve kararl\u0131 ki\u015fili\u011fiyle tan\u0131n\u0131yordu.<\/p>\n<\/p>\n<p><\/p>\n<p><h3>Eme\u00e7&#8217;in Hayat\u0131 ve Kariyeri<\/h3>\n<\/p>\n<p><\/p>\n<p><p>\u00c7etin Eme\u00e7, gazetecili\u011fin her alan\u0131nda ba\u015far\u0131l\u0131 \u00e7al\u0131\u015fmalar sergiledi. Yazarl\u0131k, k\u00f6\u015fe yazarl\u0131\u011f\u0131, r\u00f6portajc\u0131l\u0131k ve haber m\u00fcd\u00fcrl\u00fc\u011f\u00fc gibi g\u00f6revlerde bulundu. \u00d6zellikle siyasi haberleriyle tan\u0131nan Eme\u00e7, bir\u00e7ok \u00f6nemli olay\u0131n ilk elden tan\u0131\u011f\u0131 oldu.<\/p>\n<\/p>\n<p><\/p>\n<p><p>Eme\u00e7&#8217;in cesur habercili\u011fi, onu zaman zaman tehlikeli durumlara s\u00fcr\u00fcklese de, asla kalemini e\u011fip b\u00fckmeden ilkelerine ba\u011fl\u0131 kald\u0131. 1980 \u00f6ncesi ve sonras\u0131 d\u00f6nemde \u00f6nemli siyasi olaylar\u0131n i\u00e7inde yer ald\u0131 ve bu olaylar\u0131 okuyuculara aktard\u0131.<\/p>\n<\/p>\n<p><\/p>\n<p><h3>Anma Etkinlikleri<\/h3>\n<\/p>\n<p><\/p>\n<p><p>CHP Bal\u0131kesir \u0130l Ba\u015fkanl\u0131\u011f\u0131, \u00c7etin Eme\u00e7&#8217;i sayg\u0131yla and\u0131. Yap\u0131lan anma etkinliklerinde, Eme\u00e7&#8217;in gazetecilikteki ba\u015far\u0131lar\u0131 ve b\u0131rakt\u0131\u011f\u0131 miras vurguland\u0131. Gazetecili\u011fin zorlu yolunda \u00e7abalayan t\u00fcm meslekta\u015flar\u0131 i\u00e7in bir ilham kayna\u011f\u0131 oldu\u011fu belirtildi.<\/p>\n<\/p>\n<p><\/p>\n<p><p>&#8220;\u00c7etin Eme\u00e7, sadece Bal\u0131kesir&#8217;in de\u011fil, t\u00fcm T\u00fcrkiye&#8217;nin gururu olan bir gazeteciydi. Cesur kalemi ve ilkeli duru\u015fuyla her zaman hat\u0131rlanacak.&#8221; diyen CHP Bal\u0131kesir \u0130l Ba\u015fkan\u0131, Eme\u00e7&#8217;in an\u0131s\u0131na sayg\u0131 duru\u015funda bulundu.<\/p><\/p>\n","protected":false},"excerpt":{"rendered":"<p>Gazetecili\u011fin Duayeni: \u00c7etin Eme\u00e7 Bal\u0131kesir&#8217;in gurur duydu\u011fu isimlerden biri olan duayen gazeteci \u00c7etin Eme\u00e7, 7 Mart 1990 tarihinde hayat\u0131n\u0131 kaybetti\u011fi g\u00fcn an\u0131ld\u0131. 17 ya\u015f\u0131nda ba\u015flad\u0131\u011f\u0131 gazetecilik mesle\u011fine kesintisiz bir \u015fekilde devam eden Eme\u00e7, cesur ve kararl\u0131 ki\u015fili\u011fiyle tan\u0131n\u0131yordu. Eme\u00e7&#8217;in Hayat\u0131&#8230;<\/p>\n","protected":false},"author":1,"featured_media":22823,"comment_status":"closed","ping_status":"closed","sticky":false,"template":"","format":"standard","meta":{"footnotes":""},"categories":[23],"tags":[],"class_list":["post-22822","post","type-post","status-publish","format-standard","has-post-thumbnail","hentry","category-siyaset"],"_links":{"self":[{"href":"http:\/\/gazetevizyon.com\/index.php?rest_route=\/wp\/v2\/posts\/22822","targetHints":{"allow":["GET"]}}],"collection":[{"href":"http:\/\/gazetevizyon.com\/index.php?rest_route=\/wp\/v2\/posts"}],"about":[{"href":"http:\/\/gazetevizyon.com\/index.php?rest_route=\/wp\/v2\/types\/post"}],"author":[{"embeddable":true,"href":"http:\/\/gazetevizyon.com\/index.php?rest_route=\/wp\/v2\/users\/1"}],"replies":[{"embeddable":true,"href":"http:\/\/gazetevizyon.com\/index.php?rest_route=%2Fwp%2Fv2%2Fcomments&post=22822"}],"version-history":[{"count":1,"href":"http:\/\/gazetevizyon.com\/index.php?rest_route=\/wp\/v2\/posts\/22822\/revisions"}],"predecessor-version":[{"id":22840,"href":"http:\/\/gazetevizyon.com\/index.php?rest_route=\/wp\/v2\/posts\/22822\/revisions\/22840"}],"wp:featuredmedia":[{"embeddable":true,"href":"http:\/\/gazetevizyon.com\/index.php?rest_route=\/wp\/v2\/media\/22823"}],"wp:attachment":[{"href":"http:\/\/gazetevizyon.com\/index.php?rest_route=%2Fwp%2Fv2%2Fmedia&parent=22822"}],"wp:term":[{"taxonomy":"category","embeddable":true,"href":"http:\/\/gazetevizyon.com\/index.php?rest_route=%2Fwp%2Fv2%2Fcategories&post=22822"},{"taxonomy":"post_tag","embeddable":true,"href":"http:\/\/gazetevizyon.com\/index.php?rest_route=%2Fwp%2Fv2%2Ftags&post=22822"}],"curies":[{"name":"wp","href":"https:\/\/api.w.org\/{rel}","templated":true}]}}