{"id":23056,"date":"2025-03-09T22:10:26","date_gmt":"2025-03-09T22:10:26","guid":{"rendered":"http:\/\/gazetevizyon.com\/?p=23056"},"modified":"2025-03-09T22:10:26","modified_gmt":"2025-03-09T22:10:26","slug":"balikesir-buyuksehir-belediye-baskani-ahmet-akinin-ramazan-iftar-programi","status":"publish","type":"post","link":"http:\/\/gazetevizyon.com\/?p=23056","title":{"rendered":"Bal\u0131kesir B\u00fcy\u00fck\u015fehir Belediye Ba\u015fkan\u0131 Ahmet Ak\u0131n&#8217;\u0131n Ramazan \u0130ftar Program\u0131"},"content":{"rendered":"<p><p><strong>Bal\u0131kesir B\u00fcy\u00fck\u015fehir Belediye Ba\u015fkan\u0131m\u0131z Ahmet Ak\u0131n&#8217;\u0131n \u00f6nc\u00fcl\u00fc\u011f\u00fcnde Bigadi\u00e7 il\u00e7esinde d\u00fczenlenen iftar program\u0131nda vatanda\u015flarla bir araya gelindi.<\/strong>  Ramazan ay\u0131n\u0131n manevi atmosferini payla\u015fmak ve toplumsal dayan\u0131\u015fmay\u0131 g\u00fc\u00e7lendirmek amac\u0131yla ger\u00e7ekle\u015ftirilen bu etkinlikte, <strong>payla\u015fman\u0131n, yard\u0131mla\u015fman\u0131n ve karde\u015fli\u011fin de\u011ferini bir kez daha ya\u015fand\u0131.<\/strong><\/p>\n<p><\/p>\n<p>\u0130ftarda bir araya gelen vatanda\u015flar, <strong>orucunu birlikte a\u00e7arak<\/strong>  ramazan co\u015fkusunu payla\u015ft\u0131. Programda konu\u015fan Ba\u015fkan Ak\u0131n, <strong>ramazan\u0131n birlik, beraberlik ve huzur getirmesi temennisinde bulundu.<\/strong><\/p>\n<p><\/p>\n<p><strong>Eme\u011fi ge\u00e7enlere te\u015fekk\u00fcr<\/strong><\/p>\n<p><\/p>\n<p>Ba\u015fkan Ahmet Ak\u0131n, iftar program\u0131n\u0131n ger\u00e7ekle\u015fmesinde eme\u011fi ge\u00e7en herkese g\u00f6n\u00fclden te\u015fekk\u00fcr etti.  Bu anlaml\u0131 organizasyonda, <strong>Bigadi\u00e7 il\u00e7esinin manevi havas\u0131n\u0131n ya\u015fanmas\u0131na katk\u0131da bulunan<\/strong> t\u00fcm isimlere ayr\u0131 ayr\u0131 te\u015fekk\u00fcr etti.<\/p><\/p>\n","protected":false},"excerpt":{"rendered":"<p>Bal\u0131kesir B\u00fcy\u00fck\u015fehir Belediye Ba\u015fkan\u0131m\u0131z Ahmet Ak\u0131n&#8217;\u0131n \u00f6nc\u00fcl\u00fc\u011f\u00fcnde Bigadi\u00e7 il\u00e7esinde d\u00fczenlenen iftar program\u0131nda vatanda\u015flarla bir araya gelindi. Ramazan ay\u0131n\u0131n manevi atmosferini payla\u015fmak ve toplumsal dayan\u0131\u015fmay\u0131 g\u00fc\u00e7lendirmek amac\u0131yla ger\u00e7ekle\u015ftirilen bu etkinlikte, payla\u015fman\u0131n, yard\u0131mla\u015fman\u0131n ve karde\u015fli\u011fin de\u011ferini bir kez daha ya\u015fand\u0131. \u0130ftarda bir&#8230;<\/p>\n","protected":false},"author":1,"featured_media":23057,"comment_status":"closed","ping_status":"closed","sticky":false,"template":"","format":"standard","meta":{"footnotes":""},"categories":[23],"tags":[],"class_list":["post-23056","post","type-post","status-publish","format-standard","has-post-thumbnail","hentry","category-siyaset"],"_links":{"self":[{"href":"http:\/\/gazetevizyon.com\/index.php?rest_route=\/wp\/v2\/posts\/23056","targetHints":{"allow":["GET"]}}],"collection":[{"href":"http:\/\/gazetevizyon.com\/index.php?rest_route=\/wp\/v2\/posts"}],"about":[{"href":"http:\/\/gazetevizyon.com\/index.php?rest_route=\/wp\/v2\/types\/post"}],"author":[{"embeddable":true,"href":"http:\/\/gazetevizyon.com\/index.php?rest_route=\/wp\/v2\/users\/1"}],"replies":[{"embeddable":true,"href":"http:\/\/gazetevizyon.com\/index.php?rest_route=%2Fwp%2Fv2%2Fcomments&post=23056"}],"version-history":[{"count":1,"href":"http:\/\/gazetevizyon.com\/index.php?rest_route=\/wp\/v2\/posts\/23056\/revisions"}],"predecessor-version":[{"id":23072,"href":"http:\/\/gazetevizyon.com\/index.php?rest_route=\/wp\/v2\/posts\/23056\/revisions\/23072"}],"wp:featuredmedia":[{"embeddable":true,"href":"http:\/\/gazetevizyon.com\/index.php?rest_route=\/wp\/v2\/media\/23057"}],"wp:attachment":[{"href":"http:\/\/gazetevizyon.com\/index.php?rest_route=%2Fwp%2Fv2%2Fmedia&parent=23056"}],"wp:term":[{"taxonomy":"category","embeddable":true,"href":"http:\/\/gazetevizyon.com\/index.php?rest_route=%2Fwp%2Fv2%2Fcategories&post=23056"},{"taxonomy":"post_tag","embeddable":true,"href":"http:\/\/gazetevizyon.com\/index.php?rest_route=%2Fwp%2Fv2%2Ftags&post=23056"}],"curies":[{"name":"wp","href":"https:\/\/api.w.org\/{rel}","templated":true}]}}