{"id":23151,"date":"2025-03-11T01:19:52","date_gmt":"2025-03-11T01:19:52","guid":{"rendered":"http:\/\/gazetevizyon.com\/?p=23151"},"modified":"2025-03-11T01:19:52","modified_gmt":"2025-03-11T01:19:52","slug":"serkan-sarinin-balyada-maden-iscileriyle-birlikte-iftari","status":"publish","type":"post","link":"http:\/\/gazetevizyon.com\/?p=23151","title":{"rendered":"Serkan Sar\u0131&#8217;n\u0131n Balya&#8217;da Maden \u0130\u015f\u00e7ileriyle Birlikte \u0130ftar\u0131"},"content":{"rendered":"<p><p><strong>Balya&#8217;da Maden \u0130\u015f\u00e7ilerine Destek<\/strong><\/p>\n<p><\/p>\n<p>CHP Balya \u0130l\u00e7e Ba\u015fkan\u0131 Halit Eren, Balya Belediye Ba\u015fkan\u0131 Orhan Gaga ve <strong>Eczac\u0131ba\u015f\u0131 Esan Kur\u015fun ve \u00c7inko Maden \u0130\u015fletmesi<\/strong>&#8216;nde \u00e7al\u0131\u015fan i\u015f\u00e7ilerle birlikte iftar yapt\u0131. Balya il\u00e7esindeki maden oca\u011f\u0131nda ger\u00e7ekle\u015ftirilen iftarda, <strong>ramazan ay\u0131n\u0131n bereketi ve dayan\u0131\u015fman\u0131n huzuru<\/strong> hep birlikte ya\u015fand\u0131.<\/p>\n<p><\/p>\n<p><strong>Maden Emek\u00e7ilerine Vurgu<\/strong><\/p>\n<p><\/p>\n<p>Serkan Sar\u0131, iftar sonras\u0131nda yapt\u0131\u011f\u0131 a\u00e7\u0131klamada, al\u0131n teriyle ge\u00e7imlerini sa\u011flayan maden emek\u00e7ilerinin <strong>\u00fclkenin kalk\u0131nmas\u0131ndaki \u00f6nemine<\/strong> dikkat \u00e7ekti. Maden i\u015f\u00e7ilerinin hak ettikleri ko\u015fullarda \u00e7al\u0131\u015fabilmesi i\u00e7in sorumluluklar\u0131n\u0131n fark\u0131nda olduklar\u0131n\u0131 belirten Sar\u0131, bu konuda gereken \u00e7abay\u0131 g\u00f6stereceklerini vurgulad\u0131.<\/p>\n<p><\/p>\n<p><strong>Te\u015fekk\u00fcr Mesaj\u0131<\/strong><\/p>\n<p><\/p>\n<p>Sar\u0131, t\u00fcm i\u015f\u00e7i karde\u015flerine kolayl\u0131klar dilerken, iftar sofras\u0131n\u0131 bereketlendiren herkese te\u015fekk\u00fcr etti. Bu payla\u015f\u0131mla birlikte, <strong>i\u015f\u00e7i dayan\u0131\u015fmas\u0131 ve toplumsal birliktelik<\/strong> mesaj\u0131 verildi.<\/p><\/p>\n","protected":false},"excerpt":{"rendered":"<p>Balya&#8217;da Maden \u0130\u015f\u00e7ilerine Destek CHP Balya \u0130l\u00e7e Ba\u015fkan\u0131 Halit Eren, Balya Belediye Ba\u015fkan\u0131 Orhan Gaga ve Eczac\u0131ba\u015f\u0131 Esan Kur\u015fun ve \u00c7inko Maden \u0130\u015fletmesi&#8216;nde \u00e7al\u0131\u015fan i\u015f\u00e7ilerle birlikte iftar yapt\u0131. Balya il\u00e7esindeki maden oca\u011f\u0131nda ger\u00e7ekle\u015ftirilen iftarda, ramazan ay\u0131n\u0131n bereketi ve dayan\u0131\u015fman\u0131n huzuru&#8230;<\/p>\n","protected":false},"author":1,"featured_media":23152,"comment_status":"closed","ping_status":"closed","sticky":false,"template":"","format":"standard","meta":{"footnotes":""},"categories":[23],"tags":[],"class_list":["post-23151","post","type-post","status-publish","format-standard","has-post-thumbnail","hentry","category-siyaset"],"_links":{"self":[{"href":"http:\/\/gazetevizyon.com\/index.php?rest_route=\/wp\/v2\/posts\/23151","targetHints":{"allow":["GET"]}}],"collection":[{"href":"http:\/\/gazetevizyon.com\/index.php?rest_route=\/wp\/v2\/posts"}],"about":[{"href":"http:\/\/gazetevizyon.com\/index.php?rest_route=\/wp\/v2\/types\/post"}],"author":[{"embeddable":true,"href":"http:\/\/gazetevizyon.com\/index.php?rest_route=\/wp\/v2\/users\/1"}],"replies":[{"embeddable":true,"href":"http:\/\/gazetevizyon.com\/index.php?rest_route=%2Fwp%2Fv2%2Fcomments&post=23151"}],"version-history":[{"count":1,"href":"http:\/\/gazetevizyon.com\/index.php?rest_route=\/wp\/v2\/posts\/23151\/revisions"}],"predecessor-version":[{"id":23160,"href":"http:\/\/gazetevizyon.com\/index.php?rest_route=\/wp\/v2\/posts\/23151\/revisions\/23160"}],"wp:featuredmedia":[{"embeddable":true,"href":"http:\/\/gazetevizyon.com\/index.php?rest_route=\/wp\/v2\/media\/23152"}],"wp:attachment":[{"href":"http:\/\/gazetevizyon.com\/index.php?rest_route=%2Fwp%2Fv2%2Fmedia&parent=23151"}],"wp:term":[{"taxonomy":"category","embeddable":true,"href":"http:\/\/gazetevizyon.com\/index.php?rest_route=%2Fwp%2Fv2%2Fcategories&post=23151"},{"taxonomy":"post_tag","embeddable":true,"href":"http:\/\/gazetevizyon.com\/index.php?rest_route=%2Fwp%2Fv2%2Ftags&post=23151"}],"curies":[{"name":"wp","href":"https:\/\/api.w.org\/{rel}","templated":true}]}}