{"id":2361,"date":"2019-01-10T13:28:17","date_gmt":"2019-01-10T13:28:17","guid":{"rendered":"http:\/\/gazetevizyon.com\/?p=2361"},"modified":"2019-01-10T13:28:20","modified_gmt":"2019-01-10T13:28:20","slug":"birlikte-calisacak-birlikte-uretecegiz","status":"publish","type":"post","link":"http:\/\/gazetevizyon.com\/?p=2361","title":{"rendered":"B\u0130RL\u0130KTE \u00c7ALI\u015eACAK B\u0130RL\u0130KTE \u00dcRETECE\u011e\u0130Z"},"content":{"rendered":"\n<p><strong>B\u0130RL\u0130KTE \u00c7ALI\u015eACAK\nB\u0130RL\u0130KTE \u00dcRETECE\u011e\u0130Z<\/strong><\/p>\n\n\n\n<p>AK\nParti B\u00fcy\u00fck\u015fehir Belediye Ba\u015fkan Aday\u0131 ve Karesi Belediye Ba\u015fkan\u0131 Y\u00fccel Y\u0131lmaz,\nPer\u015fembe g\u00fcn\u00fc mesaiye K\u00fc\u00e7\u00fck Sanayi Sitesi esnaf\u0131yla birlikte ba\u015flad\u0131, ard\u0131ndan\n\u015eehirleraras\u0131 Otob\u00fcs Terminali&#8217;ne ge\u00e7erek terminal \u00e7al\u0131\u015fanlar\u0131, esnaf ve\nvatanda\u015flarla sohbet etti. <\/p>\n\n\n\n<p><strong>&#8220;KAZANAN BALIKES\u0130R\nOLACAK&#8221;<\/strong><\/p>\n\n\n\n<p>K\u00fc\u00e7\u00fck\nSanayi Sitesi ve \u015eehirleraras\u0131 Otob\u00fcs Terminali&#8217;nde esnaf ve vatanda\u015flar taraf\u0131ndan\nilgiyle kar\u015f\u0131lanan B\u00fcy\u00fck\u015fehir Belediye Ba\u015fkan Aday\u0131 ve Karesi Belediye Ba\u015fkan\u0131 Y\u00fccel\nY\u0131lmaz, Bal\u0131kesir&#8217;e ve Bal\u0131kesir&#8217;in insan\u0131na hizmet eden herkesin ba\u015f tac\u0131\noldu\u011funu vurgulayarak, &#8220;Bal\u0131kesir i\u00e7in sizlerle birlikte, el ele\n\u00e7al\u0131\u015facak, bu \u015fehri birlikte y\u00f6netece\u011fiz. Allah&#8217;\u0131n izniyle 31 Mart&#8217;ta kazanan\nBal\u0131kesir olacak&#8221; a\u00e7\u0131klamas\u0131nda bulundu. <\/p>\n\n\n\n<p><strong>&#8220;EN YAKIN YOL\nARKADA\u015eINIZ OLACA\u011eIZ&#8221;<\/strong><\/p>\n\n\n\n<p>Konu\u015farak,\ndinleyerek ve fikir \u00fcreterek hizmetleri en iyi noktalara ta\u015f\u0131yacaklar\u0131n\u0131\nbelirten B\u00fcy\u00fck\u015fehir Belediye Ba\u015fkan Aday\u0131 Y\u00fccel Y\u0131lmaz, &#8220;Siz bu \u015fehir i\u00e7in\n\u00fcretmeye devam ettik\u00e7e bizler de sizin en yak\u0131n yol arkada\u015f\u0131n\u0131z olmay\u0131\ns\u00fcrd\u00fcrecek, sizler i\u00e7in canla ba\u015fla \u00e7al\u0131\u015faca\u011f\u0131z&#8221; a\u00e7\u0131klamas\u0131nda bulundu. <\/p>\n\n\n\n<p>Esnaf ve vatanda\u015flar\u0131n talep, \u00f6neri ve fikirlerini dinleyen Ba\u015fkan Y\u00fccel Y\u0131lmaz, terminalde yolculuk i\u00e7in bekleyen vatanda\u015flara da hay\u0131rl\u0131 yolculuklar diledi. <\/p>\n\n\n\n<p><\/p>\n\n\n\n<ul class=\"wp-block-gallery columns-3 is-cropped wp-block-gallery-1 is-layout-flex wp-block-gallery-is-layout-flex\"><li class=\"blocks-gallery-item\"><figure><img decoding=\"async\" src=\"http:\/\/balikesirgercek.com\/wp-content\/uploads\/2019\/01\/Birlikte-\u00c7al\u0131\u015facak-Birlikte-\u00dcretece\u011fiz-9-1024x768.jpg\" alt=\"\" data-id=\"2264\" data-link=\"http:\/\/balikesirgercek.com\/?attachment_id=2264\" class=\"wp-image-2264\"\/><\/figure><\/li><li class=\"blocks-gallery-item\"><figure><img decoding=\"async\" src=\"http:\/\/balikesirgercek.com\/wp-content\/uploads\/2019\/01\/Birlikte-\u00c7al\u0131\u015facak-Birlikte-\u00dcretece\u011fiz-1-1024x768.jpg\" alt=\"\" data-id=\"2265\" data-link=\"http:\/\/balikesirgercek.com\/?attachment_id=2265\" class=\"wp-image-2265\"\/><\/figure><\/li><li class=\"blocks-gallery-item\"><figure><img decoding=\"async\" src=\"http:\/\/balikesirgercek.com\/wp-content\/uploads\/2019\/01\/Birlikte-\u00c7al\u0131\u015facak-Birlikte-\u00dcretece\u011fiz-2-768x1024.jpg\" alt=\"\" data-id=\"2266\" data-link=\"http:\/\/balikesirgercek.com\/?attachment_id=2266\" class=\"wp-image-2266\"\/><\/figure><\/li><li class=\"blocks-gallery-item\"><figure><img decoding=\"async\" src=\"http:\/\/balikesirgercek.com\/wp-content\/uploads\/2019\/01\/Birlikte-\u00c7al\u0131\u015facak-Birlikte-\u00dcretece\u011fiz-6-1024x768.jpg\" alt=\"\" data-id=\"2267\" data-link=\"http:\/\/balikesirgercek.com\/?attachment_id=2267\" class=\"wp-image-2267\"\/><\/figure><\/li><\/ul>\n","protected":false},"excerpt":{"rendered":"<p>B\u0130RL\u0130KTE \u00c7ALI\u015eACAK B\u0130RL\u0130KTE \u00dcRETECE\u011e\u0130Z AK Parti B\u00fcy\u00fck\u015fehir Belediye Ba\u015fkan Aday\u0131 ve Karesi Belediye Ba\u015fkan\u0131 Y\u00fccel Y\u0131lmaz, Per\u015fembe g\u00fcn\u00fc mesaiye K\u00fc\u00e7\u00fck Sanayi Sitesi esnaf\u0131yla birlikte ba\u015flad\u0131, ard\u0131ndan \u015eehirleraras\u0131 Otob\u00fcs Terminali&#8217;ne ge\u00e7erek terminal \u00e7al\u0131\u015fanlar\u0131, esnaf ve vatanda\u015flarla sohbet etti. &#8220;KAZANAN BALIKES\u0130R OLACAK&#8221;&#8230;<\/p>\n","protected":false},"author":3,"featured_media":2362,"comment_status":"open","ping_status":"open","sticky":false,"template":"","format":"standard","meta":{"footnotes":""},"categories":[20,36],"tags":[],"class_list":["post-2361","post","type-post","status-publish","format-standard","has-post-thumbnail","hentry","category-guncel","category-manset"],"_links":{"self":[{"href":"http:\/\/gazetevizyon.com\/index.php?rest_route=\/wp\/v2\/posts\/2361","targetHints":{"allow":["GET"]}}],"collection":[{"href":"http:\/\/gazetevizyon.com\/index.php?rest_route=\/wp\/v2\/posts"}],"about":[{"href":"http:\/\/gazetevizyon.com\/index.php?rest_route=\/wp\/v2\/types\/post"}],"author":[{"embeddable":true,"href":"http:\/\/gazetevizyon.com\/index.php?rest_route=\/wp\/v2\/users\/3"}],"replies":[{"embeddable":true,"href":"http:\/\/gazetevizyon.com\/index.php?rest_route=%2Fwp%2Fv2%2Fcomments&post=2361"}],"version-history":[{"count":1,"href":"http:\/\/gazetevizyon.com\/index.php?rest_route=\/wp\/v2\/posts\/2361\/revisions"}],"predecessor-version":[{"id":2363,"href":"http:\/\/gazetevizyon.com\/index.php?rest_route=\/wp\/v2\/posts\/2361\/revisions\/2363"}],"wp:featuredmedia":[{"embeddable":true,"href":"http:\/\/gazetevizyon.com\/index.php?rest_route=\/wp\/v2\/media\/2362"}],"wp:attachment":[{"href":"http:\/\/gazetevizyon.com\/index.php?rest_route=%2Fwp%2Fv2%2Fmedia&parent=2361"}],"wp:term":[{"taxonomy":"category","embeddable":true,"href":"http:\/\/gazetevizyon.com\/index.php?rest_route=%2Fwp%2Fv2%2Fcategories&post=2361"},{"taxonomy":"post_tag","embeddable":true,"href":"http:\/\/gazetevizyon.com\/index.php?rest_route=%2Fwp%2Fv2%2Ftags&post=2361"}],"curies":[{"name":"wp","href":"https:\/\/api.w.org\/{rel}","templated":true}]}}