{"id":23641,"date":"2025-03-16T01:13:51","date_gmt":"2025-03-16T01:13:51","guid":{"rendered":"http:\/\/gazetevizyon.com\/?p=23641"},"modified":"2025-03-16T01:13:51","modified_gmt":"2025-03-16T01:13:51","slug":"chp-balikesir-il-egitim-bulusmasi-ilk-gunu-gerceklestirildi","status":"publish","type":"post","link":"http:\/\/gazetevizyon.com\/?p=23641","title":{"rendered":"CHP Bal\u0131kesir \u0130l E\u011fitim Bulu\u015fmas\u0131 \u0130lk G\u00fcn\u00fc Ger\u00e7ekle\u015ftirildi"},"content":{"rendered":"<p>\n<h2>Bal\u0131kesir&#8217;de Milli E\u011fitim Politikalar\u0131 Masaya Yat\u0131r\u0131ld\u0131<\/h2>\n<\/p>\n<p><\/p>\n<p>Cumhuriyet Halk Partisi (CHP) Bal\u0131kesir \u0130l Ba\u015fkanl\u0131\u011f\u0131, <strong>milli e\u011fitim politikalar\u0131n\u0131<\/strong> tart\u0131\u015fmak ve geli\u015ftirmek amac\u0131yla bir il e\u011fitim bulu\u015fmas\u0131 d\u00fczenledi. Etkinli\u011fin ilk g\u00fcn\u00fc tamamland\u0131. Bulu\u015fmaya, CHP&#8217;nin e\u011fitim alan\u0131ndaki \u00e7al\u0131\u015fmalar\u0131na katk\u0131da bulunan \u00e7e\u015fitli kadrolar kat\u0131ld\u0131.<\/p>\n<p><\/p>\n<p><h3>E\u011fitimde Bilimsel Yakla\u015f\u0131m Vurgusu<\/h3>\n<\/p>\n<p><\/p>\n<p>CHP Bal\u0131kesir \u0130l Ba\u015fkanl\u0131\u011f\u0131 taraf\u0131ndan organize edilen bulu\u015fmada, <strong>bilimsel, \u00e7a\u011fda\u015f ve e\u015fitlik\u00e7i e\u011fitim politikalar\u0131<\/strong> \u00fczerinde duruldu\u011fu belirtildi. Kat\u0131l\u0131mc\u0131lar aras\u0131nda e\u011fitimciler, akademisyenler ve sivil toplum kurulu\u015fu temsilcilerinin yer ald\u0131\u011f\u0131 etkinlikte fikir al\u0131\u015fveri\u015finde bulunuldu. CHP&#8217;li yetkililer, e\u011fitimde f\u0131rsat e\u015fitsizli\u011fini gidermeye y\u00f6nelik projelerin \u00f6nemine dikkat \u00e7ekti.<\/p>\n<p><\/p>\n<p><h3>Sava\u015ftepe \u00d6\u011fretmen Okulu Ziyareti ve Panel Ger\u00e7ekle\u015ftirilecek<\/h3>\n<\/p>\n<p><\/p>\n<p>Bulu\u015fman\u0131n ikinci g\u00fcn\u00fcnde, Sava\u015ftepe \u00d6\u011fretmen Okulu\u2019na ziyaret ger\u00e7ekle\u015ftirilmesi planlan\u0131yor. Ziyaretin ard\u0131ndan ise geni\u015f kat\u0131l\u0131ml\u0131 bir panel d\u00fczenlenece\u011fi ifade edildi. Panelin, e\u011fitim alan\u0131ndaki sorunlar\u0131 ve \u00e7\u00f6z\u00fcm \u00f6nerilerini ele almas\u0131 bekleniyor. CHP&#8217;li yetkililer, <strong>e\u011fitimde devrimci ad\u0131mlar<\/strong> atma ve Cumhuriyet\u2019in ayd\u0131nlanmac\u0131 miras\u0131n\u0131 koruma kararl\u0131l\u0131klar\u0131n\u0131 vurgulad\u0131.<\/p>\n<p><\/p>\n<p><h3>E\u011fitimin Gelece\u011fi Tart\u0131\u015f\u0131ld\u0131<\/h3>\n<\/p>\n<p><\/p>\n<p>CHP Bal\u0131kesir \u0130l Ba\u015fkanl\u0131\u011f\u0131 taraf\u0131ndan yap\u0131lan a\u00e7\u0131klamada, e\u011fitimin gelece\u011finin tart\u0131\u015f\u0131ld\u0131\u011f\u0131na ve bu konuda \u00e7e\u015fitli g\u00f6r\u00fc\u015flerin payla\u015f\u0131ld\u0131\u011f\u0131na yer verildi. Etkinli\u011fe kat\u0131lan t\u00fcm yol arkada\u015flar\u0131na te\u015fekk\u00fcr edildi ve e\u011fitimin \u00fclke i\u00e7in \u00f6nemine dikkat \u00e7ekildi. <strong>E\u011fitim yoluyla \u00fclkenin y\u00fckseltilece\u011fine<\/strong> inan\u0131ld\u0131\u011f\u0131 belirtildi.<\/p>\n<p><\/p>\n<p><ul>  <\/p>\n<ul>\n<li>Bulu\u015fmada bilimsel e\u011fitim politikalar\u0131 vurguland\u0131.<\/li>\n<p>  <\/p>\n<li>E\u011fitimde f\u0131rsat e\u015fitsizli\u011finin giderilmesi hedefleniyor.<\/li>\n<p>  <\/p>\n<li>Sava\u015ftepe \u00d6\u011fretmen Okulu ziyareti ve panel d\u00fczenlenecek.<\/li>\n<\/ul>\n<p><\/ul><\/p>\n","protected":false},"excerpt":{"rendered":"<p>Bal\u0131kesir&#8217;de Milli E\u011fitim Politikalar\u0131 Masaya Yat\u0131r\u0131ld\u0131 Cumhuriyet Halk Partisi (CHP) Bal\u0131kesir \u0130l Ba\u015fkanl\u0131\u011f\u0131, milli e\u011fitim politikalar\u0131n\u0131 tart\u0131\u015fmak ve geli\u015ftirmek amac\u0131yla bir il e\u011fitim bulu\u015fmas\u0131 d\u00fczenledi. Etkinli\u011fin ilk g\u00fcn\u00fc tamamland\u0131. Bulu\u015fmaya, CHP&#8217;nin e\u011fitim alan\u0131ndaki \u00e7al\u0131\u015fmalar\u0131na katk\u0131da bulunan \u00e7e\u015fitli kadrolar kat\u0131ld\u0131. E\u011fitimde&#8230;<\/p>\n","protected":false},"author":1,"featured_media":23642,"comment_status":"closed","ping_status":"closed","sticky":false,"template":"","format":"standard","meta":{"footnotes":""},"categories":[23],"tags":[],"class_list":["post-23641","post","type-post","status-publish","format-standard","has-post-thumbnail","hentry","category-siyaset"],"_links":{"self":[{"href":"http:\/\/gazetevizyon.com\/index.php?rest_route=\/wp\/v2\/posts\/23641","targetHints":{"allow":["GET"]}}],"collection":[{"href":"http:\/\/gazetevizyon.com\/index.php?rest_route=\/wp\/v2\/posts"}],"about":[{"href":"http:\/\/gazetevizyon.com\/index.php?rest_route=\/wp\/v2\/types\/post"}],"author":[{"embeddable":true,"href":"http:\/\/gazetevizyon.com\/index.php?rest_route=\/wp\/v2\/users\/1"}],"replies":[{"embeddable":true,"href":"http:\/\/gazetevizyon.com\/index.php?rest_route=%2Fwp%2Fv2%2Fcomments&post=23641"}],"version-history":[{"count":1,"href":"http:\/\/gazetevizyon.com\/index.php?rest_route=\/wp\/v2\/posts\/23641\/revisions"}],"predecessor-version":[{"id":23658,"href":"http:\/\/gazetevizyon.com\/index.php?rest_route=\/wp\/v2\/posts\/23641\/revisions\/23658"}],"wp:featuredmedia":[{"embeddable":true,"href":"http:\/\/gazetevizyon.com\/index.php?rest_route=\/wp\/v2\/media\/23642"}],"wp:attachment":[{"href":"http:\/\/gazetevizyon.com\/index.php?rest_route=%2Fwp%2Fv2%2Fmedia&parent=23641"}],"wp:term":[{"taxonomy":"category","embeddable":true,"href":"http:\/\/gazetevizyon.com\/index.php?rest_route=%2Fwp%2Fv2%2Fcategories&post=23641"},{"taxonomy":"post_tag","embeddable":true,"href":"http:\/\/gazetevizyon.com\/index.php?rest_route=%2Fwp%2Fv2%2Ftags&post=23641"}],"curies":[{"name":"wp","href":"https:\/\/api.w.org\/{rel}","templated":true}]}}