{"id":23930,"date":"2025-03-18T22:23:35","date_gmt":"2025-03-18T22:23:35","guid":{"rendered":"http:\/\/gazetevizyon.com\/?p=23930"},"modified":"2025-03-18T22:23:35","modified_gmt":"2025-03-18T22:23:35","slug":"ekrem-imamoglunun-diplomasi-yuksekogretim-kurulu-karariyla-iptal-edildi","status":"publish","type":"post","link":"http:\/\/gazetevizyon.com\/?p=23930","title":{"rendered":"Ekrem \u0130mamo\u011flu&#8217;nun Diplomas\u0131 Y\u00fcksek\u00f6\u011fretim Kurulu Karar\u0131yla \u0130ptal Edildi"},"content":{"rendered":"<p>\n<h2>\u0130stanbul B\u00fcy\u00fck\u015fehir Belediye Ba\u015fkan\u0131 Ekrem \u0130mamo\u011flu&#8217;nun Diplomas\u0131 \u0130ptal<\/h2>\n<\/p>\n<p><\/p>\n<p><strong>\u0130stanbul B\u00fcy\u00fck\u015fehir Belediye Ba\u015fkan\u0131 Ekrem \u0130mamo\u011flu\u2019nun, \u00fcniversite e\u011fitimiyle ilgili al\u0131nan bir kararla diplomas\u0131n\u0131n iptal edildi\u011fi<\/strong> a\u00e7\u0131kland\u0131. 35 y\u0131l \u00f6nce tamamlanm\u0131\u015f olan e\u011fitiminin ard\u0131ndan edinilen diploman\u0131n, hukuksuz bir karar ile iptal edildi\u011fi iddia ediliyor.<\/p>\n<p><\/p>\n<p><h3>Karar\u0131n Hukuki Dayana\u011f\u0131 Tart\u0131\u015fmal\u0131<\/h3>\n<\/p>\n<p><\/p>\n<p>\u0130ddiaya g\u00f6re, karar\u0131 alan \u00fcniversite y\u00f6netim kurulunun bu y\u00f6nde bir yetkisi bulunmuyor. Karar\u0131n uydurma gerek\u00e7elerle haz\u0131rland\u0131\u011f\u0131 ve karar duyuldu\u011fu anda AK Parti milletvekilleri taraf\u0131ndan alk\u0131\u015flarla kar\u015f\u0131land\u0131\u011f\u0131 belirtiliyor. Bu durum, karar\u0131n siyasi bir motivasyonla al\u0131nd\u0131\u011f\u0131 y\u00f6n\u00fcndeki iddialar\u0131 g\u00fc\u00e7lendiriyor.<\/p>\n<p><\/p>\n<p><h3>\u0130ptal Karar\u0131na Tepkiler<\/h3>\n<\/p>\n<p><\/p>\n<p>Karar, \u0130stanbul \u00dcniversitesi taraf\u0131ndan al\u0131nmas\u0131yla ilgili olarak hukuksuz oldu\u011fu ve yok h\u00fckm\u00fcnde oldu\u011fu vurgulan\u0131yor. Hukukun \u00fcst\u00fcnl\u00fc\u011f\u00fc ilkesini ihlal etti\u011fi \u00f6ne s\u00fcr\u00fclen karara kar\u015f\u0131 geni\u015f \u00e7apl\u0131 tepkiler olu\u015ftu\u011fu bildiriliyor. <\/p>\n<p><\/p>\n<p><h3>\u0130mamo\u011flu&#8217;nun A\u00e7\u0131klamalar\u0131<\/h3>\n<\/p>\n<p><\/p>\n<p>Ekrem \u0130mamo\u011flu, daha \u00f6nce yapt\u0131\u011f\u0131 a\u00e7\u0131klamalarda &#8220;Her \u015fey \u00e7ok g\u00fczel olacak&#8221; mesaj\u0131n\u0131 vermi\u015fti ve bu karar\u0131n ard\u0131ndan da ayn\u0131 g\u00fcveni dile getirdi\u011fini belirtti. \u0130mamo\u011flu\u2019nun destek\u00e7ileri, 2019 se\u00e7imlerinde oldu\u011fu gibi yeniden harekete ge\u00e7meye haz\u0131r olduklar\u0131n\u0131 ifade ediyorlar.<\/p>\n<p><\/p>\n<p><ul>  <\/p>\n<ul>\n<li>Diploman\u0131n iptali karar\u0131n\u0131n hukuki dayana\u011f\u0131 tart\u0131\u015fmal\u0131.<\/li>\n<p>  <\/p>\n<li>Karar\u0131n siyasi bir motivasyonla al\u0131nd\u0131\u011f\u0131 iddialar\u0131 g\u00fcndemde.<\/li>\n<p>  <\/p>\n<li>\u0130mamo\u011flu\u2019nun destek\u00e7ileri, karara tepki g\u00f6steriyor ve yeniden harekete ge\u00e7meye haz\u0131r olduklar\u0131n\u0131 belirtiyor.<\/li>\n<\/ul>\n<p><\/ul>\n<\/p>\n<p><\/p>\n<p><strong>Bu geli\u015fmelerin ard\u0131ndan \u0130mamo\u011flu&#8217;nun hukuki yollara ba\u015fvurmas\u0131 bekleniyor<\/strong>. Konuyla ilgili daha fazla detay gelmesiyle birlikte haberimiz g\u00fcncellenecektir.<\/p><\/p>\n","protected":false},"excerpt":{"rendered":"<p>\u0130stanbul B\u00fcy\u00fck\u015fehir Belediye Ba\u015fkan\u0131 Ekrem \u0130mamo\u011flu&#8217;nun Diplomas\u0131 \u0130ptal \u0130stanbul B\u00fcy\u00fck\u015fehir Belediye Ba\u015fkan\u0131 Ekrem \u0130mamo\u011flu\u2019nun, \u00fcniversite e\u011fitimiyle ilgili al\u0131nan bir kararla diplomas\u0131n\u0131n iptal edildi\u011fi a\u00e7\u0131kland\u0131. 35 y\u0131l \u00f6nce tamamlanm\u0131\u015f olan e\u011fitiminin ard\u0131ndan edinilen diploman\u0131n, hukuksuz bir karar ile iptal edildi\u011fi iddia&#8230;<\/p>\n","protected":false},"author":1,"featured_media":23931,"comment_status":"closed","ping_status":"closed","sticky":false,"template":"","format":"standard","meta":{"footnotes":""},"categories":[23],"tags":[],"class_list":["post-23930","post","type-post","status-publish","format-standard","has-post-thumbnail","hentry","category-siyaset"],"_links":{"self":[{"href":"http:\/\/gazetevizyon.com\/index.php?rest_route=\/wp\/v2\/posts\/23930","targetHints":{"allow":["GET"]}}],"collection":[{"href":"http:\/\/gazetevizyon.com\/index.php?rest_route=\/wp\/v2\/posts"}],"about":[{"href":"http:\/\/gazetevizyon.com\/index.php?rest_route=\/wp\/v2\/types\/post"}],"author":[{"embeddable":true,"href":"http:\/\/gazetevizyon.com\/index.php?rest_route=\/wp\/v2\/users\/1"}],"replies":[{"embeddable":true,"href":"http:\/\/gazetevizyon.com\/index.php?rest_route=%2Fwp%2Fv2%2Fcomments&post=23930"}],"version-history":[{"count":1,"href":"http:\/\/gazetevizyon.com\/index.php?rest_route=\/wp\/v2\/posts\/23930\/revisions"}],"predecessor-version":[{"id":23947,"href":"http:\/\/gazetevizyon.com\/index.php?rest_route=\/wp\/v2\/posts\/23930\/revisions\/23947"}],"wp:featuredmedia":[{"embeddable":true,"href":"http:\/\/gazetevizyon.com\/index.php?rest_route=\/wp\/v2\/media\/23931"}],"wp:attachment":[{"href":"http:\/\/gazetevizyon.com\/index.php?rest_route=%2Fwp%2Fv2%2Fmedia&parent=23930"}],"wp:term":[{"taxonomy":"category","embeddable":true,"href":"http:\/\/gazetevizyon.com\/index.php?rest_route=%2Fwp%2Fv2%2Fcategories&post=23930"},{"taxonomy":"post_tag","embeddable":true,"href":"http:\/\/gazetevizyon.com\/index.php?rest_route=%2Fwp%2Fv2%2Ftags&post=23930"}],"curies":[{"name":"wp","href":"https:\/\/api.w.org\/{rel}","templated":true}]}}