{"id":23991,"date":"2025-03-19T13:05:00","date_gmt":"2025-03-19T13:05:00","guid":{"rendered":"http:\/\/gazetevizyon.com\/?p=23991"},"modified":"2025-03-19T13:05:00","modified_gmt":"2025-03-19T13:05:00","slug":"chp-balikesirde-ozgurluk-ve-demokrasi-konulu-basin-aciklamasi","status":"publish","type":"post","link":"http:\/\/gazetevizyon.com\/?p=23991","title":{"rendered":"CHP Bal\u0131kesir&#8217;de \u00d6zg\u00fcrl\u00fck ve Demokrasi Konulu Bas\u0131n A\u00e7\u0131klamas\u0131"},"content":{"rendered":"<p>\n<h2>Bal\u0131kesir&#8217;de Demokrasi \u00c7a\u011fr\u0131s\u0131<\/h2>\n<\/p>\n<p><\/p>\n<p>Cumhuriyet Halk Partisi (CHP) Bal\u0131kesir \u0130l Ba\u015fkanl\u0131\u011f\u0131, <strong>\u00f6zg\u00fcrl\u00fck ve demokrasi<\/strong> temal\u0131 bir bas\u0131n a\u00e7\u0131klamas\u0131 d\u00fczenleyecek. A\u00e7\u0131klama, Ali Hikmet Pa\u015fa Meydan\u0131\u2019nda 19 Mart \u00c7ar\u015famba g\u00fcn\u00fc saat 14:30\u2019da ger\u00e7ekle\u015ftirilecek.<\/p>\n<p><\/p>\n<p><h3>Bas\u0131n A\u00e7\u0131klamas\u0131n\u0131n Amac\u0131<\/h3>\n<\/p>\n<p><\/p>\n<p>CHP Bal\u0131kesir \u0130l Ba\u015fkanl\u0131\u011f\u0131 taraf\u0131ndan yap\u0131lan duyuruda, t\u00fcm yurtta\u015flar\u0131n bas\u0131n a\u00e7\u0131klamas\u0131na davet edildi\u011fi belirtildi. A\u00e7\u0131klamada, daha demokratik ve adil bir T\u00fcrkiye hedefi vurgulanarak, bu y\u00f6nde seslerin y\u00fckseltilmesi gerekti\u011fine dikkat \u00e7ekildi. <\/p>\n<p><\/p>\n<p><h3>Etkinlik Detaylar\u0131<\/h3>\n<\/p>\n<p><\/p>\n<p>Bas\u0131n a\u00e7\u0131klamas\u0131 i\u00e7in belirlenen mekan Ali Hikmet Pa\u015fa Meydan\u0131 oldu. Etkinli\u011fin tarihi ise 19 Mart \u00c7ar\u015famba olarak duyuruldu. CHP yetkilileri, t\u00fcm Bal\u0131kesir halk\u0131n\u0131 bu \u00f6nemli \u00e7a\u011fr\u0131ya kulak vermeye ve meydanda bir araya gelmeye davet ediyor.<\/p>\n<p><\/p>\n<p><ul>  <\/p>\n<ul>\n<li><strong>Yer:<\/strong> Ali Hikmet Pa\u015fa Meydan\u0131<\/li>\n<p>  <\/p>\n<li><strong>Tarih:<\/strong> 19 Mart \u00c7ar\u015famba<\/li>\n<p>  <\/p>\n<li><strong>Saat:<\/strong> 14:30<\/li>\n<\/ul>\n<p><\/ul>\n<\/p>\n<p><\/p>\n<p>CHP \u0130l Ba\u015fkanl\u0131\u011f\u0131, bu bas\u0131n a\u00e7\u0131klamas\u0131 ile T\u00fcrkiye&#8217;nin kar\u015f\u0131 kar\u015f\u0131ya oldu\u011fu sorunlara dikkat \u00e7ekmeyi ve demokratik de\u011ferlerin g\u00fc\u00e7lendirilmesi i\u00e7in halk\u0131n deste\u011fini aramay\u0131 ama\u00e7l\u0131yor. A\u00e7\u0131klamada, \u00fclkenin gelece\u011fi ad\u0131na at\u0131lacak ad\u0131mlar konusunda g\u00f6r\u00fc\u015flerin payla\u015f\u0131lmas\u0131 ve ortak bir anlay\u0131\u015fa ula\u015f\u0131lmas\u0131 hedefleniyor.<\/p><\/p>\n","protected":false},"excerpt":{"rendered":"<p>Bal\u0131kesir&#8217;de Demokrasi \u00c7a\u011fr\u0131s\u0131 Cumhuriyet Halk Partisi (CHP) Bal\u0131kesir \u0130l Ba\u015fkanl\u0131\u011f\u0131, \u00f6zg\u00fcrl\u00fck ve demokrasi temal\u0131 bir bas\u0131n a\u00e7\u0131klamas\u0131 d\u00fczenleyecek. A\u00e7\u0131klama, Ali Hikmet Pa\u015fa Meydan\u0131\u2019nda 19 Mart \u00c7ar\u015famba g\u00fcn\u00fc saat 14:30\u2019da ger\u00e7ekle\u015ftirilecek. Bas\u0131n A\u00e7\u0131klamas\u0131n\u0131n Amac\u0131 CHP Bal\u0131kesir \u0130l Ba\u015fkanl\u0131\u011f\u0131 taraf\u0131ndan yap\u0131lan duyuruda,&#8230;<\/p>\n","protected":false},"author":1,"featured_media":23992,"comment_status":"closed","ping_status":"closed","sticky":false,"template":"","format":"standard","meta":{"footnotes":""},"categories":[23],"tags":[],"class_list":["post-23991","post","type-post","status-publish","format-standard","has-post-thumbnail","hentry","category-siyaset"],"_links":{"self":[{"href":"http:\/\/gazetevizyon.com\/index.php?rest_route=\/wp\/v2\/posts\/23991","targetHints":{"allow":["GET"]}}],"collection":[{"href":"http:\/\/gazetevizyon.com\/index.php?rest_route=\/wp\/v2\/posts"}],"about":[{"href":"http:\/\/gazetevizyon.com\/index.php?rest_route=\/wp\/v2\/types\/post"}],"author":[{"embeddable":true,"href":"http:\/\/gazetevizyon.com\/index.php?rest_route=\/wp\/v2\/users\/1"}],"replies":[{"embeddable":true,"href":"http:\/\/gazetevizyon.com\/index.php?rest_route=%2Fwp%2Fv2%2Fcomments&post=23991"}],"version-history":[{"count":1,"href":"http:\/\/gazetevizyon.com\/index.php?rest_route=\/wp\/v2\/posts\/23991\/revisions"}],"predecessor-version":[{"id":24007,"href":"http:\/\/gazetevizyon.com\/index.php?rest_route=\/wp\/v2\/posts\/23991\/revisions\/24007"}],"wp:featuredmedia":[{"embeddable":true,"href":"http:\/\/gazetevizyon.com\/index.php?rest_route=\/wp\/v2\/media\/23992"}],"wp:attachment":[{"href":"http:\/\/gazetevizyon.com\/index.php?rest_route=%2Fwp%2Fv2%2Fmedia&parent=23991"}],"wp:term":[{"taxonomy":"category","embeddable":true,"href":"http:\/\/gazetevizyon.com\/index.php?rest_route=%2Fwp%2Fv2%2Fcategories&post=23991"},{"taxonomy":"post_tag","embeddable":true,"href":"http:\/\/gazetevizyon.com\/index.php?rest_route=%2Fwp%2Fv2%2Ftags&post=23991"}],"curies":[{"name":"wp","href":"https:\/\/api.w.org\/{rel}","templated":true}]}}