{"id":24210,"date":"2025-03-21T20:18:51","date_gmt":"2025-03-21T20:18:51","guid":{"rendered":"http:\/\/gazetevizyon.com\/?p=24210"},"modified":"2025-03-21T20:18:51","modified_gmt":"2025-03-21T20:18:51","slug":"bandirmada-dunya-ormancilik-gunu-fidan-dikim-etkinligi-duzenlendi","status":"publish","type":"post","link":"http:\/\/gazetevizyon.com\/?p=24210","title":{"rendered":"Band\u0131rma&#8217;da D\u00fcnya Ormanc\u0131l\u0131k G\u00fcn\u00fc Fidan Dikim Etkinli\u011fi D\u00fczenlendi"},"content":{"rendered":"<p>\n<h2>Band\u0131rma&#8217;da Ye\u015fil Bir Gelecek \u0130\u00e7in Fidanlar Topra\u011fa Emanet Edildi<\/h2>\n<\/p>\n<p><\/p>\n<p><strong>21 Mart D\u00fcnya Ormanc\u0131l\u0131k G\u00fcn\u00fc<\/strong> ve Orman Haftas\u0131 kapsam\u0131nda, Band\u0131rma \u0130l\u00e7e M\u00fcft\u00fcs\u00fc Dr. Abdulhamid Pehlivan, \u00fcniversite \u00f6\u011frencileriyle birlikte anlaml\u0131 bir fidan dikim etkinli\u011fine kat\u0131ld\u0131. Etkinlikte, do\u011fan\u0131n korunmas\u0131 ve gelecek nesillere ye\u015fil bir vatan b\u0131rak\u0131lmas\u0131 hedeflendi.<\/p>\n<p><\/p>\n<p><h3>Do\u011fan\u0131n \u00d6nemi Vurguland\u0131<\/h3>\n<\/p>\n<p><\/p>\n<p>Band\u0131rma \u0130l\u00e7e M\u00fcft\u00fcs\u00fc Dr. Abdulhamid Pehlivan, etkinli\u011fe kat\u0131lan \u00f6\u011frencilerle birlikte fidan dikimi yaparken, <strong>ormanlar\u0131n sadece ekolojik de\u011fil, ayn\u0131 zamanda ekonomik ve sosyal a\u00e7\u0131dan da b\u00fcy\u00fck \u00f6nem ta\u015f\u0131d\u0131\u011f\u0131n\u0131<\/strong> belirtti. Pehlivan, &#8220;Do\u011fan\u0131n lezzeti ormanda sakl\u0131d\u0131r. Gelece\u011fimiz i\u00e7in ormanlar\u0131m\u0131z\u0131 korumak hepimizin sorumlulu\u011fundad\u0131r.&#8221; ifadelerini kulland\u0131.<\/p>\n<p><\/p>\n<p><h3>Ye\u015fil Vatan Hedefine Katk\u0131<\/h3>\n<\/p>\n<p><\/p>\n<p>Fidan dikimi etkinli\u011finde konu\u015fan Pehlivan, &#8220;Ormanlar, ya\u015fam kayna\u011f\u0131m\u0131z olan oksijeni \u00fcretirken, toprak erozyonunu \u00f6nler ve do\u011fal dengenin korunmas\u0131na katk\u0131da bulunur. Bu nedenle ormanlar\u0131m\u0131z\u0131 korumak, gelecek nesillere ya\u015fanabilir bir d\u00fcnya b\u0131rakmak i\u00e7in hayati \u00f6nem ta\u015f\u0131maktad\u0131r.&#8221; dedi. Etkinli\u011fe kat\u0131lan \u00f6\u011frenciler de <strong>ormanlar\u0131n korunmas\u0131n\u0131n gereklili\u011fi<\/strong> konusunda duyarl\u0131l\u0131k g\u00f6sterdi ve fidan dikimiyle bu konuda somut bir ad\u0131m att\u0131klar\u0131n\u0131 ifade ettiler.<\/p>\n<p><\/p>\n<p><h3>Orman Haftas\u0131&#8217;n\u0131n Anlam\u0131<\/h3>\n<\/p>\n<p><\/p>\n<p>21 Mart D\u00fcnya Ormanc\u0131l\u0131k G\u00fcn\u00fc, ormanlar\u0131n \u00f6nemi hakk\u0131nda fark\u0131ndal\u0131k yaratmak ve ormanlar\u0131n korunmas\u0131 i\u00e7in \u00e7al\u0131\u015fmalar yapmak amac\u0131yla Birle\u015fmi\u015f Milletler taraf\u0131ndan ilan edilmi\u015ftir. Bu kapsamda, T\u00fcrkiye&#8217;de de \u00e7e\u015fitli etkinliklerle <strong>Orman Haftas\u0131<\/strong> kutlanmaktad\u0131r. Band\u0131rma&#8217;daki bu etkinlik ise, yerel d\u00fczeyde \u00e7evre bilincinin art\u0131r\u0131lmas\u0131na \u00f6nemli bir katk\u0131 sa\u011flam\u0131\u015ft\u0131r.<\/p>\n<p><\/p>\n<p><ul>    <\/p>\n<ul>\n<li>Fidan dikimi etkinli\u011fi ile \u00f6\u011frencilerin do\u011fa sevgisi peki\u015ftirildi.<\/li>\n<p>    <\/p>\n<li>Ormanlar\u0131n \u00f6nemi ve korunmas\u0131 gereklili\u011fi vurguland\u0131.<\/li>\n<p>    <\/p>\n<li>Band\u0131rma&#8217;da ye\u015fil alanlar\u0131n art\u0131r\u0131lmas\u0131na katk\u0131da bulunuldu.<\/li>\n<\/ul>\n<p><\/ul>\n<\/p>\n<p><\/p>\n<p>Bu anlaml\u0131 etkinlik, gelece\u011fe nefes olman\u0131n yan\u0131 s\u0131ra, <strong>ye\u015fil bir vatan<\/strong> hayalini de desteklemektedir.<\/p><\/p>\n","protected":false},"excerpt":{"rendered":"<p>Band\u0131rma&#8217;da Ye\u015fil Bir Gelecek \u0130\u00e7in Fidanlar Topra\u011fa Emanet Edildi 21 Mart D\u00fcnya Ormanc\u0131l\u0131k G\u00fcn\u00fc ve Orman Haftas\u0131 kapsam\u0131nda, Band\u0131rma \u0130l\u00e7e M\u00fcft\u00fcs\u00fc Dr. Abdulhamid Pehlivan, \u00fcniversite \u00f6\u011frencileriyle birlikte anlaml\u0131 bir fidan dikim etkinli\u011fine kat\u0131ld\u0131. Etkinlikte, do\u011fan\u0131n korunmas\u0131 ve gelecek nesillere ye\u015fil&#8230;<\/p>\n","protected":false},"author":1,"featured_media":24211,"comment_status":"closed","ping_status":"closed","sticky":false,"template":"","format":"standard","meta":{"footnotes":""},"categories":[36],"tags":[],"class_list":["post-24210","post","type-post","status-publish","format-standard","has-post-thumbnail","hentry","category-manset"],"_links":{"self":[{"href":"http:\/\/gazetevizyon.com\/index.php?rest_route=\/wp\/v2\/posts\/24210","targetHints":{"allow":["GET"]}}],"collection":[{"href":"http:\/\/gazetevizyon.com\/index.php?rest_route=\/wp\/v2\/posts"}],"about":[{"href":"http:\/\/gazetevizyon.com\/index.php?rest_route=\/wp\/v2\/types\/post"}],"author":[{"embeddable":true,"href":"http:\/\/gazetevizyon.com\/index.php?rest_route=\/wp\/v2\/users\/1"}],"replies":[{"embeddable":true,"href":"http:\/\/gazetevizyon.com\/index.php?rest_route=%2Fwp%2Fv2%2Fcomments&post=24210"}],"version-history":[{"count":1,"href":"http:\/\/gazetevizyon.com\/index.php?rest_route=\/wp\/v2\/posts\/24210\/revisions"}],"predecessor-version":[{"id":24223,"href":"http:\/\/gazetevizyon.com\/index.php?rest_route=\/wp\/v2\/posts\/24210\/revisions\/24223"}],"wp:featuredmedia":[{"embeddable":true,"href":"http:\/\/gazetevizyon.com\/index.php?rest_route=\/wp\/v2\/media\/24211"}],"wp:attachment":[{"href":"http:\/\/gazetevizyon.com\/index.php?rest_route=%2Fwp%2Fv2%2Fmedia&parent=24210"}],"wp:term":[{"taxonomy":"category","embeddable":true,"href":"http:\/\/gazetevizyon.com\/index.php?rest_route=%2Fwp%2Fv2%2Fcategories&post=24210"},{"taxonomy":"post_tag","embeddable":true,"href":"http:\/\/gazetevizyon.com\/index.php?rest_route=%2Fwp%2Fv2%2Ftags&post=24210"}],"curies":[{"name":"wp","href":"https:\/\/api.w.org\/{rel}","templated":true}]}}