{"id":2423,"date":"2019-01-15T12:09:05","date_gmt":"2019-01-15T12:09:05","guid":{"rendered":"http:\/\/gazetevizyon.com\/?p=2423"},"modified":"2019-01-15T12:09:07","modified_gmt":"2019-01-15T12:09:07","slug":"cevre-egitimleri-devam-ediyor","status":"publish","type":"post","link":"http:\/\/gazetevizyon.com\/?p=2423","title":{"rendered":"\u00c7EVRE E\u011e\u0130T\u0130MLER\u0130 DEVAM ED\u0130YOR"},"content":{"rendered":"\n<ul class=\"wp-block-list\"><li><strong>\u00c7EVRE E\u011e\u0130T\u0130MLER\u0130 DEVAM ED\u0130YOR<\/strong><\/li><\/ul>\n\n\n\n<ul class=\"wp-block-list\"><li><strong>\u00c7OCUKLARA VE VEL\u0130LERE \u00c7EVRE E\u011e\u0130T\u0130M\u0130 VER\u0130LD\u0130<\/strong><\/li><\/ul>\n\n\n\n<p>Bal\u0131kesir\nB\u00fcy\u00fck\u015fehir Belediyesi \u00c7evre Koruma ve Kontrol Dairesi Ba\u015fkanl\u0131\u011f\u0131 taraf\u0131ndan\n\u00e7evre kirlili\u011fine ili\u015fkin e\u011fitim \u00e7al\u0131\u015fmalar\u0131 t\u00fcm h\u0131z\u0131yla devam ediyor.<\/p>\n\n\n\n<p>\u00c7evre\nKoruma ve Kontrol Dairesi Ba\u015fkanl\u0131\u011f\u0131nca, Plevne \u0130lkokulu \u00f6\u011frenci ve velilerine\n\u00e7evre kirlili\u011finin \u00f6nlenmesi, ambalaj at\u0131klar\u0131n\u0131n geri d\u00f6n\u00fc\u015f\u00fcm\u00fc ve s\u0131f\u0131r at\u0131k\nkapsam\u0131nda israf\u0131n \u00f6nlenerek at\u0131k olu\u015fumunun minimize edilmesi konular\u0131nda\n\u00e7evremizin korunmas\u0131na y\u00f6nelik e\u011fitim verildi.<\/p>\n\n\n\n<p>E\u011fitimde\nplastik po\u015fet kullan\u0131m\u0131n\u0131n \u00e7evreye olan zararlar\u0131 vurgulanarak velilere bez\n\u00e7anta hediye edildi. \u00c7evre bilin\u00e7lendirme e\u011fitimleri 2018-2019 E\u011fitim-\u00d6\u011fretim\nY\u0131l\u0131nda t\u00fcm il\u00e7elerimizde aral\u0131ks\u0131z s\u00fcrd\u00fcr\u00fcl\u00fcrken; \u00e7ocuklar\u0131n ve velilerin bu\ne\u011fitimlere verdikleri \u00f6nem ise dikkatlerden ka\u00e7mad\u0131.<\/p>\n\n\n\n<p><strong>Sayg\u0131lar\u0131m\u0131zla<\/strong><\/p>\n","protected":false},"excerpt":{"rendered":"<p>\u00c7EVRE E\u011e\u0130T\u0130MLER\u0130 DEVAM ED\u0130YOR \u00c7OCUKLARA VE VEL\u0130LERE \u00c7EVRE E\u011e\u0130T\u0130M\u0130 VER\u0130LD\u0130 Bal\u0131kesir B\u00fcy\u00fck\u015fehir Belediyesi \u00c7evre Koruma ve Kontrol Dairesi Ba\u015fkanl\u0131\u011f\u0131 taraf\u0131ndan \u00e7evre kirlili\u011fine ili\u015fkin e\u011fitim \u00e7al\u0131\u015fmalar\u0131 t\u00fcm h\u0131z\u0131yla devam ediyor. \u00c7evre Koruma ve Kontrol Dairesi Ba\u015fkanl\u0131\u011f\u0131nca, Plevne \u0130lkokulu \u00f6\u011frenci ve velilerine&#8230;<\/p>\n","protected":false},"author":3,"featured_media":2424,"comment_status":"open","ping_status":"open","sticky":false,"template":"","format":"standard","meta":{"footnotes":""},"categories":[20,36],"tags":[],"class_list":["post-2423","post","type-post","status-publish","format-standard","has-post-thumbnail","hentry","category-guncel","category-manset"],"_links":{"self":[{"href":"http:\/\/gazetevizyon.com\/index.php?rest_route=\/wp\/v2\/posts\/2423","targetHints":{"allow":["GET"]}}],"collection":[{"href":"http:\/\/gazetevizyon.com\/index.php?rest_route=\/wp\/v2\/posts"}],"about":[{"href":"http:\/\/gazetevizyon.com\/index.php?rest_route=\/wp\/v2\/types\/post"}],"author":[{"embeddable":true,"href":"http:\/\/gazetevizyon.com\/index.php?rest_route=\/wp\/v2\/users\/3"}],"replies":[{"embeddable":true,"href":"http:\/\/gazetevizyon.com\/index.php?rest_route=%2Fwp%2Fv2%2Fcomments&post=2423"}],"version-history":[{"count":1,"href":"http:\/\/gazetevizyon.com\/index.php?rest_route=\/wp\/v2\/posts\/2423\/revisions"}],"predecessor-version":[{"id":2425,"href":"http:\/\/gazetevizyon.com\/index.php?rest_route=\/wp\/v2\/posts\/2423\/revisions\/2425"}],"wp:featuredmedia":[{"embeddable":true,"href":"http:\/\/gazetevizyon.com\/index.php?rest_route=\/wp\/v2\/media\/2424"}],"wp:attachment":[{"href":"http:\/\/gazetevizyon.com\/index.php?rest_route=%2Fwp%2Fv2%2Fmedia&parent=2423"}],"wp:term":[{"taxonomy":"category","embeddable":true,"href":"http:\/\/gazetevizyon.com\/index.php?rest_route=%2Fwp%2Fv2%2Fcategories&post=2423"},{"taxonomy":"post_tag","embeddable":true,"href":"http:\/\/gazetevizyon.com\/index.php?rest_route=%2Fwp%2Fv2%2Ftags&post=2423"}],"curies":[{"name":"wp","href":"https:\/\/api.w.org\/{rel}","templated":true}]}}