{"id":24300,"date":"2025-03-22T16:00:26","date_gmt":"2025-03-22T16:00:26","guid":{"rendered":"http:\/\/gazetevizyon.com\/?p=24300"},"modified":"2025-03-22T16:00:26","modified_gmt":"2025-03-22T16:00:26","slug":"bandirma-muftusu-gonende-ramazan-atmosferini-paylasti","status":"publish","type":"post","link":"http:\/\/gazetevizyon.com\/?p=24300","title":{"rendered":"Band\u0131rma M\u00fcft\u00fcs\u00fc, G\u00f6nen&#8217;de Ramazan Atmosferini Payla\u015ft\u0131"},"content":{"rendered":"<p>\n<h2>Ramazan Ay\u0131nda Karde\u015flik K\u00f6pr\u00fcleri Kuruldu<\/h2>\n<\/p>\n<p><\/p>\n<p><strong>Band\u0131rma M\u00fcft\u00fcs\u00fc Dr. Abdulhamid Pehlivan<\/strong> ve beraberindeki din g\u00f6revlileri, Diyanet \u0130\u015fleri Ba\u015fkanl\u0131\u011f\u0131&#8217;n\u0131n &#8220;Karde\u015f \u015eehir Projesi&#8221; kapsam\u0131nda G\u00f6nen il\u00e7esini ziyaret ederek Ramazan ay\u0131n\u0131n manevi atmosferini payla\u015ft\u0131. Ziyaretin temel amac\u0131, kom\u015fuluk ili\u015fkilerini g\u00fc\u00e7lendirmek ve karde\u015flik ba\u011flar\u0131n\u0131 peki\u015ftirmekti.<\/p>\n<p><\/p>\n<p><h3>G\u00f6nen&#8217;de Yo\u011fun Program<\/h3>\n<\/p>\n<p><\/p>\n<p>Band\u0131rma M\u00fcft\u00fcl\u00fc\u011f\u00fc heyeti, G\u00f6nen&#8217;deki programlar\u0131 kapsam\u0131nda il\u00e7e merkezindeki camilerde vaazlar verdi ve teravih namaz\u0131n\u0131 k\u0131ld\u0131rd\u0131. \u00d6zellikle merkez camilerinde merkezi sistem \u00fczerinden yap\u0131lan vaazlarda <strong>birlik, beraberlik ve dayan\u0131\u015fma<\/strong> mesajlar\u0131 vurguland\u0131. Vaazlarda Ramazan ay\u0131n\u0131n feyzi, karde\u015fli\u011fin \u00f6nemi ve toplumsal sorumluluklar konular\u0131na de\u011finildi.<\/p>\n<p><\/p>\n<p><h3>Misafirperverli\u011fe Te\u015fekk\u00fcr<\/h3>\n<\/p>\n<p><\/p>\n<p>Ziyaret program\u0131n\u0131 tamamlayan Band\u0131rma M\u00fcft\u00fcl\u00fc\u011f\u00fc yetkilileri, G\u00f6nen M\u00fcft\u00fcl\u00fc\u011f\u00fc personeline g\u00f6sterdikleri misafirperverlik i\u00e7in te\u015fekk\u00fcr etti. Yap\u0131lan bu t\u00fcr ziyaretlerin, farkl\u0131 \u015fehirlerdeki din g\u00f6revlileri ve vatanda\u015flar aras\u0131nda kar\u015f\u0131l\u0131kl\u0131 bilgi al\u0131\u015fveri\u015fini sa\u011flad\u0131\u011f\u0131 ve <strong>toplumlar aras\u0131ndaki karde\u015flik ba\u011flar\u0131n\u0131 g\u00fc\u00e7lendirdi\u011fi<\/strong> belirtildi.<\/p>\n<p><\/p>\n<p><ul>  <\/p>\n<ul>\n<li>Diyanet \u0130\u015fleri Ba\u015fkanl\u0131\u011f\u0131&#8217;n\u0131n &#8220;Karde\u015f \u015eehir Projesi&#8221; kapsam\u0131nda ziyaret ger\u00e7ekle\u015ftirildi.<\/li>\n<p>  <\/p>\n<li>Band\u0131rma M\u00fcft\u00fcs\u00fc Dr. Abdulhamid Pehlivan, G\u00f6nen&#8217;deki camilerde vaaz verdi ve teravih namaz\u0131n\u0131 k\u0131ld\u0131rd\u0131.<\/li>\n<p>  <\/p>\n<li>Ziyaretin amac\u0131, Ramazan ay\u0131n\u0131n ruhunu payla\u015fmak ve karde\u015flik ba\u011flar\u0131n\u0131 g\u00fc\u00e7lendirmekti.<\/li>\n<\/ul>\n<p><\/ul>\n<\/p>\n<p><\/p>\n<p>Bu t\u00fcr projelerin devam etmesiyle birlikte, farkl\u0131 b\u00f6lgelerdeki vatanda\u015flar aras\u0131nda daha g\u00fc\u00e7l\u00fc bir dayan\u0131\u015fma ortam\u0131n\u0131n olu\u015fmas\u0131 hedefleniyor. Ziyaret, G\u00f6nen&#8217;de olumlu bir kar\u015f\u0131l\u0131k buldu ve kat\u0131l\u0131mc\u0131lar taraf\u0131ndan memnuniyetle kar\u015f\u0131land\u0131.<\/p><\/p>\n","protected":false},"excerpt":{"rendered":"<p>Ramazan Ay\u0131nda Karde\u015flik K\u00f6pr\u00fcleri Kuruldu Band\u0131rma M\u00fcft\u00fcs\u00fc Dr. Abdulhamid Pehlivan ve beraberindeki din g\u00f6revlileri, Diyanet \u0130\u015fleri Ba\u015fkanl\u0131\u011f\u0131&#8217;n\u0131n &#8220;Karde\u015f \u015eehir Projesi&#8221; kapsam\u0131nda G\u00f6nen il\u00e7esini ziyaret ederek Ramazan ay\u0131n\u0131n manevi atmosferini payla\u015ft\u0131. Ziyaretin temel amac\u0131, kom\u015fuluk ili\u015fkilerini g\u00fc\u00e7lendirmek ve karde\u015flik ba\u011flar\u0131n\u0131 peki\u015ftirmekti&#8230;.<\/p>\n","protected":false},"author":1,"featured_media":24301,"comment_status":"closed","ping_status":"closed","sticky":false,"template":"","format":"standard","meta":{"footnotes":""},"categories":[36],"tags":[],"class_list":["post-24300","post","type-post","status-publish","format-standard","has-post-thumbnail","hentry","category-manset"],"_links":{"self":[{"href":"http:\/\/gazetevizyon.com\/index.php?rest_route=\/wp\/v2\/posts\/24300","targetHints":{"allow":["GET"]}}],"collection":[{"href":"http:\/\/gazetevizyon.com\/index.php?rest_route=\/wp\/v2\/posts"}],"about":[{"href":"http:\/\/gazetevizyon.com\/index.php?rest_route=\/wp\/v2\/types\/post"}],"author":[{"embeddable":true,"href":"http:\/\/gazetevizyon.com\/index.php?rest_route=\/wp\/v2\/users\/1"}],"replies":[{"embeddable":true,"href":"http:\/\/gazetevizyon.com\/index.php?rest_route=%2Fwp%2Fv2%2Fcomments&post=24300"}],"version-history":[{"count":1,"href":"http:\/\/gazetevizyon.com\/index.php?rest_route=\/wp\/v2\/posts\/24300\/revisions"}],"predecessor-version":[{"id":24319,"href":"http:\/\/gazetevizyon.com\/index.php?rest_route=\/wp\/v2\/posts\/24300\/revisions\/24319"}],"wp:featuredmedia":[{"embeddable":true,"href":"http:\/\/gazetevizyon.com\/index.php?rest_route=\/wp\/v2\/media\/24301"}],"wp:attachment":[{"href":"http:\/\/gazetevizyon.com\/index.php?rest_route=%2Fwp%2Fv2%2Fmedia&parent=24300"}],"wp:term":[{"taxonomy":"category","embeddable":true,"href":"http:\/\/gazetevizyon.com\/index.php?rest_route=%2Fwp%2Fv2%2Fcategories&post=24300"},{"taxonomy":"post_tag","embeddable":true,"href":"http:\/\/gazetevizyon.com\/index.php?rest_route=%2Fwp%2Fv2%2Ftags&post=24300"}],"curies":[{"name":"wp","href":"https:\/\/api.w.org\/{rel}","templated":true}]}}