{"id":24508,"date":"2025-03-24T22:04:52","date_gmt":"2025-03-24T22:04:52","guid":{"rendered":"http:\/\/gazetevizyon.com\/?p=24508"},"modified":"2025-03-24T22:04:52","modified_gmt":"2025-03-24T22:04:52","slug":"chp-balikesir-kepsutta-iftar-yemegi-duzenledi","status":"publish","type":"post","link":"http:\/\/gazetevizyon.com\/?p=24508","title":{"rendered":"CHP Bal\u0131kesir Kepsut&#8217;ta \u0130ftar Yeme\u011fi D\u00fczenledi"},"content":{"rendered":"<p>\n<h2>Bal\u0131kesir&#8217;de Dayan\u0131\u015fma ve Birliktelik Vurgusu<\/h2>\n<\/p>\n<p><\/p>\n<p><strong>Cumhuriyet Halk Partisi (CHP) Bal\u0131kesir \u0130l Ba\u015fkanl\u0131\u011f\u0131<\/strong>, Kepsut \u0130l\u00e7e Kad\u0131n Kollar\u0131 taraf\u0131ndan d\u00fczenlenen iftar yeme\u011finde vatanda\u015flarla bir araya geldi. Etkinlikte il ba\u015fkanlar\u0131 ve y\u00f6neticileri yer ald\u0131.<\/p>\n<p><\/p>\n<p><h3>Kepsut&#8217;ta \u0130ftar Sofras\u0131<\/h3>\n<\/p>\n<p><\/p>\n<p>CHP Bal\u0131kesir \u0130l Ba\u015fkan\u0131 Erden K\u00f6yba\u015f\u0131, Kepsut \u0130l\u00e7e Ba\u015fkan\u0131 Mehmet Ali Ak\u00e7a ve \u0130l Kad\u0131n Kollar\u0131 Ba\u015fkan\u0131 Ay\u015fe P\u0131nar Yah\u015fi ile y\u00f6netim kurulu \u00fcyeleri, Kepsut il\u00e7esinde d\u00fczenlenen iftar yeme\u011fine kat\u0131ld\u0131. Yeme\u011fin temel amac\u0131, Ramazan ay\u0131n\u0131n getirdi\u011fi manevi atmosferde vatanda\u015flarla dayan\u0131\u015fmay\u0131 g\u00fc\u00e7lendirmek ve birlikteli\u011fi peki\u015ftirmekti.<\/p>\n<p><\/p>\n<p><h3>Payla\u015f\u0131m\u0131n \u00d6nemi Vurguland\u0131<\/h3>\n<\/p>\n<p><\/p>\n<p>\u0130ftar sofras\u0131nda konu\u015fan yetkililer, payla\u015fman\u0131n ve dayan\u0131\u015fman\u0131n \u00f6nemine dikkat \u00e7ekti. \u00d6zellikle bu t\u00fcr etkinliklerin toplumsal ba\u011flar\u0131 kuvvetlendirdi\u011fini ve kar\u015f\u0131l\u0131kl\u0131 anlay\u0131\u015f\u0131 art\u0131rd\u0131\u011f\u0131n\u0131 belirttiler. \u0130ftar yeme\u011fi boyunca vatanda\u015flarla sohbet eden il ba\u015fkanlar\u0131, onlar\u0131n g\u00f6r\u00fc\u015flerini dinledi ve taleplerini ald\u0131. <\/p>\n<p><\/p>\n<p><ul>  <\/p>\n<ul>\n<li>Etkinlikte, Ramazan ay\u0131n\u0131n anlam\u0131 ve \u00f6nemi \u00fczerine konu\u015fmalar yap\u0131ld\u0131.<\/li>\n<p>  <\/p>\n<li>Vatanda\u015flar, iftar sofras\u0131nda bir araya gelerek kar\u015f\u0131l\u0131kl\u0131 dua etti.<\/li>\n<p>  <\/p>\n<li>CHP temsilcileri, Kepsut il\u00e7esindeki sosyal ve siyasi konular hakk\u0131nda bilgi ald\u0131.<\/li>\n<\/ul>\n<p><\/ul>\n<\/p>\n<p><\/p>\n<p><strong>Kepsut Kad\u0131n Kollar\u0131<\/strong> taraf\u0131ndan organize edilen bu t\u00fcr etkinliklerin \u00f6n\u00fcm\u00fczdeki d\u00f6nemlerde de devam edece\u011fi belirtildi. Organizasyonun ba\u015far\u0131l\u0131 bir \u015fekilde y\u00fcr\u00fct\u00fclmesinde eme\u011fi ge\u00e7en herkese te\u015fekk\u00fcr edildi.<\/p><\/p>\n","protected":false},"excerpt":{"rendered":"<p>Bal\u0131kesir&#8217;de Dayan\u0131\u015fma ve Birliktelik Vurgusu Cumhuriyet Halk Partisi (CHP) Bal\u0131kesir \u0130l Ba\u015fkanl\u0131\u011f\u0131, Kepsut \u0130l\u00e7e Kad\u0131n Kollar\u0131 taraf\u0131ndan d\u00fczenlenen iftar yeme\u011finde vatanda\u015flarla bir araya geldi. Etkinlikte il ba\u015fkanlar\u0131 ve y\u00f6neticileri yer ald\u0131. Kepsut&#8217;ta \u0130ftar Sofras\u0131 CHP Bal\u0131kesir \u0130l Ba\u015fkan\u0131 Erden K\u00f6yba\u015f\u0131,&#8230;<\/p>\n","protected":false},"author":1,"featured_media":24509,"comment_status":"closed","ping_status":"closed","sticky":false,"template":"","format":"standard","meta":{"footnotes":""},"categories":[23],"tags":[],"class_list":["post-24508","post","type-post","status-publish","format-standard","has-post-thumbnail","hentry","category-siyaset"],"_links":{"self":[{"href":"http:\/\/gazetevizyon.com\/index.php?rest_route=\/wp\/v2\/posts\/24508","targetHints":{"allow":["GET"]}}],"collection":[{"href":"http:\/\/gazetevizyon.com\/index.php?rest_route=\/wp\/v2\/posts"}],"about":[{"href":"http:\/\/gazetevizyon.com\/index.php?rest_route=\/wp\/v2\/types\/post"}],"author":[{"embeddable":true,"href":"http:\/\/gazetevizyon.com\/index.php?rest_route=\/wp\/v2\/users\/1"}],"replies":[{"embeddable":true,"href":"http:\/\/gazetevizyon.com\/index.php?rest_route=%2Fwp%2Fv2%2Fcomments&post=24508"}],"version-history":[{"count":1,"href":"http:\/\/gazetevizyon.com\/index.php?rest_route=\/wp\/v2\/posts\/24508\/revisions"}],"predecessor-version":[{"id":24530,"href":"http:\/\/gazetevizyon.com\/index.php?rest_route=\/wp\/v2\/posts\/24508\/revisions\/24530"}],"wp:featuredmedia":[{"embeddable":true,"href":"http:\/\/gazetevizyon.com\/index.php?rest_route=\/wp\/v2\/media\/24509"}],"wp:attachment":[{"href":"http:\/\/gazetevizyon.com\/index.php?rest_route=%2Fwp%2Fv2%2Fmedia&parent=24508"}],"wp:term":[{"taxonomy":"category","embeddable":true,"href":"http:\/\/gazetevizyon.com\/index.php?rest_route=%2Fwp%2Fv2%2Fcategories&post=24508"},{"taxonomy":"post_tag","embeddable":true,"href":"http:\/\/gazetevizyon.com\/index.php?rest_route=%2Fwp%2Fv2%2Ftags&post=24508"}],"curies":[{"name":"wp","href":"https:\/\/api.w.org\/{rel}","templated":true}]}}