{"id":24552,"date":"2025-03-25T13:04:27","date_gmt":"2025-03-25T13:04:27","guid":{"rendered":"http:\/\/gazetevizyon.com\/?p=24552"},"modified":"2025-03-25T13:04:27","modified_gmt":"2025-03-25T13:04:27","slug":"sehit-ailesinden-vali-ustaogluna-ziyaret","status":"publish","type":"post","link":"http:\/\/gazetevizyon.com\/?p=24552","title":{"rendered":"\u015eehit Ailesinden Vali Ustao\u011flu&#8217;na Ziyaret"},"content":{"rendered":"<p>\n<h2>Bal\u0131kesir&#8217;de \u015eehit Ailesiyle Bulu\u015fma<\/h2>\n<\/p>\n<p><\/p>\n<p><strong>Bal\u0131kesir Valisi \u0130smail Ustao\u011flu<\/strong>, \u015fehit Uzman \u00c7avu\u015f G\u00f6khan \u00c7ak\u0131r\u2019\u0131n e\u015fi G\u00fcl\u015fah \u00c7ak\u0131r taraf\u0131ndan ziyaret edildi. Ziyaret, Bal\u0131kesir Valili\u011fi&#8217;nde ger\u00e7ekle\u015fti ve yakla\u015f\u0131k bir saat s\u00fcrd\u00fc.<\/p>\n<p><\/p>\n<p><h3>Ziyaretteki Konular<\/h3>\n<\/p>\n<p><\/p>\n<p>G\u00fcl\u015fah \u00c7ak\u0131r, Vali Ustao\u011flu ile g\u00f6r\u00fc\u015fmesinde \u015fehit e\u015fi olarak ya\u015fad\u0131\u011f\u0131 zorluklar\u0131 ve hayata tutunma \u00e7abalar\u0131n\u0131 payla\u015ft\u0131. Ziyaret s\u0131ras\u0131nda <strong>aile destek programlar\u0131<\/strong> ve \u015fehit ailelerine y\u00f6nelik hizmetler hakk\u0131nda bilgi al\u0131\u015fveri\u015finde bulunuldu.<\/p>\n<p><\/p>\n<p><h3>Vali Ustao\u011flu&#8217;nun Duyarl\u0131l\u0131\u011f\u0131<\/h3>\n<\/p>\n<p><\/p>\n<p>Bal\u0131kesir Valisi \u0130smail Ustao\u011flu, ziyaretin ard\u0131ndan yapt\u0131\u011f\u0131 a\u00e7\u0131klamada, \u015fehit ailelerinin her zaman yanlar\u0131nda olduklar\u0131n\u0131 vurgulad\u0131. Ustao\u011flu, &#8220;\u015eehitlerimizin emanetleri olan ailelerine sahip \u00e7\u0131kmak, devletimizin ve milletimizin en \u00f6nemli g\u00f6revlerinden biridir. Bu t\u00fcr ziyaretler, ac\u0131lar\u0131n\u0131 hafifletmek ve onlara destek oldu\u011fumuzu g\u00f6stermek i\u00e7in b\u00fcy\u00fck \u00f6nem ta\u015f\u0131maktad\u0131r.&#8221; ifadelerini kulland\u0131.<\/p>\n<p><\/p>\n<p><h3>\u015eehit Uzman \u00c7avu\u015f G\u00f6khan \u00c7ak\u0131r Hakk\u0131nda<\/h3>\n<\/p>\n<p><\/p>\n<p>Uzman \u00c7avu\u015f G\u00f6khan \u00c7ak\u0131r, g\u00f6rev s\u0131ras\u0131nda <strong>ter\u00f6r olaylar\u0131nda \u015fehit d\u00fc\u015fm\u00fc\u015f<\/strong> bir g\u00fcvenlik g\u00fcc\u00fc mensubuydu. \u015eehadet haberi Bal\u0131kesir&#8217;de b\u00fcy\u00fck \u00fcz\u00fcnt\u00fcye neden olmu\u015ftu. Aileye yap\u0131lan ziyaretler ve destekler, toplumun \u015fehit ailelerine verdi\u011fi de\u011feri g\u00f6stermektedir.<\/p>\n<p><\/p>\n<p><ul>  <\/p>\n<ul>\n<li>Valilik taraf\u0131ndan \u015fehit ailesine d\u00fczenli olarak maddi ve manevi destek sa\u011flanmaktad\u0131r.<\/li>\n<p>  <\/p>\n<li>Sosyal hizmet uzmanlar\u0131, G\u00fcl\u015fah \u00c7ak\u0131r&#8217;\u0131n psikolojik sa\u011fl\u0131\u011f\u0131 i\u00e7in gerekli deste\u011fi sunmaktad\u0131r.<\/li>\n<p>  <\/p>\n<li>\u015eehit Uzman \u00c7avu\u015f G\u00f6khan \u00c7ak\u0131r\u2019\u0131n ad\u0131, Bal\u0131kesir&#8217;de bir caddeye verilmi\u015ftir.<\/li>\n<\/ul>\n<p><\/ul>\n<\/p>\n<p><\/p>\n<p>Vali Ustao\u011flu, \u015fehit ailesine devletin t\u00fcm imkanlar\u0131yla destek olmaya devam edeceklerini belirtti ve G\u00fcl\u015fah \u00c7ak\u0131r&#8217;a sa\u011fl\u0131kl\u0131 bir ya\u015fam diledi.<\/p><\/p>\n","protected":false},"excerpt":{"rendered":"<p>Bal\u0131kesir&#8217;de \u015eehit Ailesiyle Bulu\u015fma Bal\u0131kesir Valisi \u0130smail Ustao\u011flu, \u015fehit Uzman \u00c7avu\u015f G\u00f6khan \u00c7ak\u0131r\u2019\u0131n e\u015fi G\u00fcl\u015fah \u00c7ak\u0131r taraf\u0131ndan ziyaret edildi. Ziyaret, Bal\u0131kesir Valili\u011fi&#8217;nde ger\u00e7ekle\u015fti ve yakla\u015f\u0131k bir saat s\u00fcrd\u00fc. Ziyaretteki Konular G\u00fcl\u015fah \u00c7ak\u0131r, Vali Ustao\u011flu ile g\u00f6r\u00fc\u015fmesinde \u015fehit e\u015fi olarak ya\u015fad\u0131\u011f\u0131&#8230;<\/p>\n","protected":false},"author":1,"featured_media":24553,"comment_status":"closed","ping_status":"closed","sticky":false,"template":"","format":"standard","meta":{"footnotes":""},"categories":[36],"tags":[],"class_list":["post-24552","post","type-post","status-publish","format-standard","has-post-thumbnail","hentry","category-manset"],"_links":{"self":[{"href":"http:\/\/gazetevizyon.com\/index.php?rest_route=\/wp\/v2\/posts\/24552","targetHints":{"allow":["GET"]}}],"collection":[{"href":"http:\/\/gazetevizyon.com\/index.php?rest_route=\/wp\/v2\/posts"}],"about":[{"href":"http:\/\/gazetevizyon.com\/index.php?rest_route=\/wp\/v2\/types\/post"}],"author":[{"embeddable":true,"href":"http:\/\/gazetevizyon.com\/index.php?rest_route=\/wp\/v2\/users\/1"}],"replies":[{"embeddable":true,"href":"http:\/\/gazetevizyon.com\/index.php?rest_route=%2Fwp%2Fv2%2Fcomments&post=24552"}],"version-history":[{"count":1,"href":"http:\/\/gazetevizyon.com\/index.php?rest_route=\/wp\/v2\/posts\/24552\/revisions"}],"predecessor-version":[{"id":24577,"href":"http:\/\/gazetevizyon.com\/index.php?rest_route=\/wp\/v2\/posts\/24552\/revisions\/24577"}],"wp:featuredmedia":[{"embeddable":true,"href":"http:\/\/gazetevizyon.com\/index.php?rest_route=\/wp\/v2\/media\/24553"}],"wp:attachment":[{"href":"http:\/\/gazetevizyon.com\/index.php?rest_route=%2Fwp%2Fv2%2Fmedia&parent=24552"}],"wp:term":[{"taxonomy":"category","embeddable":true,"href":"http:\/\/gazetevizyon.com\/index.php?rest_route=%2Fwp%2Fv2%2Fcategories&post=24552"},{"taxonomy":"post_tag","embeddable":true,"href":"http:\/\/gazetevizyon.com\/index.php?rest_route=%2Fwp%2Fv2%2Ftags&post=24552"}],"curies":[{"name":"wp","href":"https:\/\/api.w.org\/{rel}","templated":true}]}}