{"id":24554,"date":"2025-03-25T13:03:52","date_gmt":"2025-03-25T13:03:52","guid":{"rendered":"http:\/\/gazetevizyon.com\/?p=24554"},"modified":"2025-03-25T13:03:52","modified_gmt":"2025-03-25T13:03:52","slug":"kizilay-balikesir-subesi-vali-ustaoglunu-ziyaret-etti","status":"publish","type":"post","link":"http:\/\/gazetevizyon.com\/?p=24554","title":{"rendered":"K\u0131z\u0131lay Bal\u0131kesir \u015eubesi, Vali Ustao\u011flu&#8217;nu Ziyaret Etti"},"content":{"rendered":"<p>\n<h2>Bal\u0131kesir Valili\u011fi\u2019ne Ziyaret<\/h2>\n<\/p>\n<p><\/p>\n<p><strong>T\u00fcrk K\u0131z\u0131lay\u0131 Bal\u0131kesir \u015eube Ba\u015fkan\u0131 M. Burak Kelemen\u00e7e<\/strong> ve y\u00f6netim kurulu \u00fcyelerinden olu\u015fan heyet, <strong>Vali \u0130smail Ustao\u011flu<\/strong>&#8216;nu makam\u0131nda ziyaret etti. Ziyarette, T\u00fcrk K\u0131z\u0131lay\u0131\u2019n\u0131n Bal\u0131kesir\u2019deki faaliyetleri hakk\u0131nda bilgi al\u0131\u015fveri\u015finde bulunuldu.<\/p>\n<p><\/p>\n<p><h3>K\u0131z\u0131lay Faaliyetlerine De\u011finildi<\/h3>\n<\/p>\n<p><\/p>\n<p>Ziyaret s\u0131ras\u0131nda, Kelemen\u00e7e ve heyeti, K\u0131z\u0131lay&#8217;\u0131n il genelindeki <strong>insani yard\u0131m \u00e7al\u0131\u015fmalar\u0131<\/strong>, <strong>kan ba\u011f\u0131\u015f\u0131 kampanyalar\u0131<\/strong> ve ihtiya\u00e7 sahibi vatanda\u015flara y\u00f6nelik destek projeleri hakk\u0131nda Vali Ustao\u011flu\u2019na detayl\u0131 bilgi verdi. \u00d6zellikle son d\u00f6nemde artan do\u011fal afetlere kar\u015f\u0131 K\u0131z\u0131lay\u2019\u0131n haz\u0131rl\u0131k \u00e7al\u0131\u015fmalar\u0131na ve b\u00f6lgedeki koordinasyonuna vurgu yap\u0131ld\u0131.<\/p>\n<p><\/p>\n<p><h3>Vali Ustao\u011flu&#8217;ndan Destek S\u00f6z\u00fc<\/h3>\n<\/p>\n<p><\/p>\n<p>Vali \u0130smail Ustao\u011flu, ziyaretin ard\u0131ndan yapt\u0131\u011f\u0131 a\u00e7\u0131klamada, T\u00fcrk K\u0131z\u0131lay\u0131\u2019n\u0131n toplumun \u00f6nemli bir ihtiyac\u0131n\u0131 kar\u015f\u0131lad\u0131\u011f\u0131n\u0131 belirtti. <strong>K\u0131z\u0131lay\u2019\u0131n Bal\u0131kesir\u2019deki \u00e7al\u0131\u015fmalar\u0131n\u0131n takdire \u015fayan oldu\u011funu<\/strong> ifade eden Vali Ustao\u011flu, bu t\u00fcr sivil toplum kurulu\u015flar\u0131na her t\u00fcrl\u00fc deste\u011fi vermeye haz\u0131r olduklar\u0131n\u0131 s\u00f6yledi.<\/p>\n<p><\/p>\n<p><ul>  <\/p>\n<ul>\n<li>Ziyarette, K\u0131z\u0131lay&#8217;\u0131n afetlere m\u00fcdahale kapasitesinin art\u0131r\u0131lmas\u0131 i\u00e7in yap\u0131labilecek i\u015fbirli\u011fi imkanlar\u0131 g\u00f6r\u00fc\u015f\u00fcld\u00fc.<\/li>\n<p>  <\/p>\n<li>Vali Ustao\u011flu, K\u0131z\u0131lay\u2019\u0131n kan ba\u011f\u0131\u015f\u0131 kampanyalar\u0131na vatanda\u015flar\u0131n daha fazla kat\u0131l\u0131m\u0131n\u0131 te\u015fvik etmek amac\u0131yla fark\u0131ndal\u0131k \u00e7al\u0131\u015fmalar\u0131na destek verilece\u011fini belirtti.<\/li>\n<p>  <\/p>\n<li>\u0130htiya\u00e7 sahibi ailelere y\u00f6nelik sosyal yard\u0131m projelerinin geli\u015ftirilmesi konusunda ortak fikir birli\u011fine var\u0131ld\u0131.<\/li>\n<\/ul>\n<p><\/ul>\n<\/p>\n<p><\/p>\n<p>Vali Ustao\u011flu, K\u0131z\u0131lay\u2019\u0131n ildeki faaliyetlerinin s\u00fcrd\u00fcr\u00fclebilirli\u011fi i\u00e7in gerekli deste\u011fin sa\u011flanaca\u011f\u0131n\u0131 ve bu t\u00fcr ziyaretlerin kar\u015f\u0131l\u0131kl\u0131 i\u015fbirli\u011fini g\u00fc\u00e7lendirece\u011fini kaydetti.<\/p><\/p>\n","protected":false},"excerpt":{"rendered":"<p>Bal\u0131kesir Valili\u011fi\u2019ne Ziyaret T\u00fcrk K\u0131z\u0131lay\u0131 Bal\u0131kesir \u015eube Ba\u015fkan\u0131 M. Burak Kelemen\u00e7e ve y\u00f6netim kurulu \u00fcyelerinden olu\u015fan heyet, Vali \u0130smail Ustao\u011flu&#8216;nu makam\u0131nda ziyaret etti. Ziyarette, T\u00fcrk K\u0131z\u0131lay\u0131\u2019n\u0131n Bal\u0131kesir\u2019deki faaliyetleri hakk\u0131nda bilgi al\u0131\u015fveri\u015finde bulunuldu. K\u0131z\u0131lay Faaliyetlerine De\u011finildi Ziyaret s\u0131ras\u0131nda, Kelemen\u00e7e ve heyeti,&#8230;<\/p>\n","protected":false},"author":1,"featured_media":24555,"comment_status":"closed","ping_status":"closed","sticky":false,"template":"","format":"standard","meta":{"footnotes":""},"categories":[36],"tags":[],"class_list":["post-24554","post","type-post","status-publish","format-standard","has-post-thumbnail","hentry","category-manset"],"_links":{"self":[{"href":"http:\/\/gazetevizyon.com\/index.php?rest_route=\/wp\/v2\/posts\/24554","targetHints":{"allow":["GET"]}}],"collection":[{"href":"http:\/\/gazetevizyon.com\/index.php?rest_route=\/wp\/v2\/posts"}],"about":[{"href":"http:\/\/gazetevizyon.com\/index.php?rest_route=\/wp\/v2\/types\/post"}],"author":[{"embeddable":true,"href":"http:\/\/gazetevizyon.com\/index.php?rest_route=\/wp\/v2\/users\/1"}],"replies":[{"embeddable":true,"href":"http:\/\/gazetevizyon.com\/index.php?rest_route=%2Fwp%2Fv2%2Fcomments&post=24554"}],"version-history":[{"count":1,"href":"http:\/\/gazetevizyon.com\/index.php?rest_route=\/wp\/v2\/posts\/24554\/revisions"}],"predecessor-version":[{"id":24576,"href":"http:\/\/gazetevizyon.com\/index.php?rest_route=\/wp\/v2\/posts\/24554\/revisions\/24576"}],"wp:featuredmedia":[{"embeddable":true,"href":"http:\/\/gazetevizyon.com\/index.php?rest_route=\/wp\/v2\/media\/24555"}],"wp:attachment":[{"href":"http:\/\/gazetevizyon.com\/index.php?rest_route=%2Fwp%2Fv2%2Fmedia&parent=24554"}],"wp:term":[{"taxonomy":"category","embeddable":true,"href":"http:\/\/gazetevizyon.com\/index.php?rest_route=%2Fwp%2Fv2%2Fcategories&post=24554"},{"taxonomy":"post_tag","embeddable":true,"href":"http:\/\/gazetevizyon.com\/index.php?rest_route=%2Fwp%2Fv2%2Ftags&post=24554"}],"curies":[{"name":"wp","href":"https:\/\/api.w.org\/{rel}","templated":true}]}}