{"id":24556,"date":"2025-03-25T13:03:19","date_gmt":"2025-03-25T13:03:19","guid":{"rendered":"http:\/\/gazetevizyon.com\/?p=24556"},"modified":"2025-03-25T13:03:19","modified_gmt":"2025-03-25T13:03:19","slug":"chp-genel-baskani-ozgur-ozel-bugun-istanbulda-grup-toplantisi-yapacak","status":"publish","type":"post","link":"http:\/\/gazetevizyon.com\/?p=24556","title":{"rendered":"CHP Genel Ba\u015fkan\u0131 \u00d6zg\u00fcr \u00d6zel, Bug\u00fcn \u0130stanbul&#8217;da Grup Toplant\u0131s\u0131 Yapacak"},"content":{"rendered":"<p>\n<h2>CHP Lideri \u0130stanbul&#8217;da<\/h2>\n<p><\/p>\n<p><strong>Cumhuriyet Halk Partisi (CHP) Genel Ba\u015fkan\u0131 \u00d6zg\u00fcr \u00d6zel<\/strong>, bug\u00fcn \u0130stanbul&#8217;da d\u00fczenlenecek grup toplant\u0131s\u0131nda partililerle bir araya gelecek. Toplant\u0131, Be\u015fikta\u015f Mustafa Kemal K\u00fclt\u00fcr Merkezi&#8217;nde saat 13:30&#8217;da ba\u015flayacak.<\/p>\n<\/p>\n<p><\/p>\n<p><h3>Grup Toplant\u0131s\u0131 Detaylar\u0131<\/h3>\n<p><\/p>\n<p>CHP Genel Ba\u015fkan\u0131 \u00d6zg\u00fcr \u00d6zel\u2019in yapaca\u011f\u0131 konu\u015fmada, g\u00fcncel siyasi geli\u015fmeler ve parti politikalar\u0131na ili\u015fkin \u00f6nemli a\u00e7\u0131klamalar yapmas\u0131 bekleniyor.  \u00d6zellikle yakla\u015fan yerel se\u00e7imlere y\u00f6nelik stratejilerin ve adaylar\u0131n de\u011ferlendirilmesi g\u00fcndemde olacak.<\/p>\n<\/p>\n<p><\/p>\n<p><h3>Toplant\u0131n\u0131n \u00d6nemi<\/h3>\n<p><\/p>\n<p>CHP&#8217;nin \u0130stanbul&#8217;daki grup toplant\u0131s\u0131, partinin \u00f6nemli temaslar\u0131n\u0131 kamuoyuyla payla\u015fma platformu olarak g\u00f6r\u00fcl\u00fcyor. Bu t\u00fcr toplant\u0131lar, parti liderinin hem kendi te\u015fkilat\u0131na mesaj vermesi hem de se\u00e7menlere ula\u015fmas\u0131 a\u00e7\u0131s\u0131ndan kritik \u00f6nem ta\u015f\u0131yor.  \u00d6zg\u00fcr \u00d6zel\u2019in konu\u015fmas\u0131n\u0131n, son d\u00f6nemdeki siyasi tart\u0131\u015fmalara \u0131\u015f\u0131k tutmas\u0131 ve CHP&#8217;nin vizyonunu netle\u015ftirmesi bekleniyor.<\/p>\n<\/p>\n<p><\/p>\n<p><h3>Beklentiler<\/h3>\n<p><\/p>\n<p>Grup toplant\u0131s\u0131nda a\u015fa\u011f\u0131daki konular\u0131n ele al\u0131nmas\u0131 \u00f6ng\u00f6r\u00fcl\u00fcyor:<\/p>\n<p><\/p>\n<ul>  <\/p>\n<ul>\n<li>Ekonomik geli\u015fmeler ve enflasyonla m\u00fccadele<\/li>\n<p>  <\/p>\n<li>Yerel se\u00e7imlere haz\u0131rl\u0131k \u00e7al\u0131\u015fmalar\u0131<\/li>\n<p>  <\/p>\n<li>Sosyal politika \u00f6nerileri<\/li>\n<p>  <\/p>\n<li>D\u0131\u015f politika de\u011ferlendirmeleri<\/li>\n<\/ul>\n<p><\/ul>\n<\/p>\n<p><\/p>\n<p><p>CHP liderinin, grup toplant\u0131s\u0131nda T\u00fcrkiye&#8217;nin g\u00fcncel sorunlar\u0131na y\u00f6nelik \u00e7\u00f6z\u00fcm \u00f6nerilerini de sunmas\u0131 bekleniyor. \u00d6zellikle gen\u00e7lerin ve dar gelirli vatanda\u015flar\u0131n ya\u015fad\u0131\u011f\u0131 zorluklara dikkat \u00e7ekerek, bu kesimlere y\u00f6nelik destekleyici politikalar\u0131n \u00f6nemine vurgu yapaca\u011f\u0131 tahmin ediliyor.<\/p><\/p>\n","protected":false},"excerpt":{"rendered":"<p>CHP Lideri \u0130stanbul&#8217;da Cumhuriyet Halk Partisi (CHP) Genel Ba\u015fkan\u0131 \u00d6zg\u00fcr \u00d6zel, bug\u00fcn \u0130stanbul&#8217;da d\u00fczenlenecek grup toplant\u0131s\u0131nda partililerle bir araya gelecek. Toplant\u0131, Be\u015fikta\u015f Mustafa Kemal K\u00fclt\u00fcr Merkezi&#8217;nde saat 13:30&#8217;da ba\u015flayacak. Grup Toplant\u0131s\u0131 Detaylar\u0131 CHP Genel Ba\u015fkan\u0131 \u00d6zg\u00fcr \u00d6zel\u2019in yapaca\u011f\u0131 konu\u015fmada, g\u00fcncel&#8230;<\/p>\n","protected":false},"author":1,"featured_media":24557,"comment_status":"closed","ping_status":"closed","sticky":false,"template":"","format":"standard","meta":{"footnotes":""},"categories":[23],"tags":[],"class_list":["post-24556","post","type-post","status-publish","format-standard","has-post-thumbnail","hentry","category-siyaset"],"_links":{"self":[{"href":"http:\/\/gazetevizyon.com\/index.php?rest_route=\/wp\/v2\/posts\/24556","targetHints":{"allow":["GET"]}}],"collection":[{"href":"http:\/\/gazetevizyon.com\/index.php?rest_route=\/wp\/v2\/posts"}],"about":[{"href":"http:\/\/gazetevizyon.com\/index.php?rest_route=\/wp\/v2\/types\/post"}],"author":[{"embeddable":true,"href":"http:\/\/gazetevizyon.com\/index.php?rest_route=\/wp\/v2\/users\/1"}],"replies":[{"embeddable":true,"href":"http:\/\/gazetevizyon.com\/index.php?rest_route=%2Fwp%2Fv2%2Fcomments&post=24556"}],"version-history":[{"count":1,"href":"http:\/\/gazetevizyon.com\/index.php?rest_route=\/wp\/v2\/posts\/24556\/revisions"}],"predecessor-version":[{"id":24575,"href":"http:\/\/gazetevizyon.com\/index.php?rest_route=\/wp\/v2\/posts\/24556\/revisions\/24575"}],"wp:featuredmedia":[{"embeddable":true,"href":"http:\/\/gazetevizyon.com\/index.php?rest_route=\/wp\/v2\/media\/24557"}],"wp:attachment":[{"href":"http:\/\/gazetevizyon.com\/index.php?rest_route=%2Fwp%2Fv2%2Fmedia&parent=24556"}],"wp:term":[{"taxonomy":"category","embeddable":true,"href":"http:\/\/gazetevizyon.com\/index.php?rest_route=%2Fwp%2Fv2%2Fcategories&post=24556"},{"taxonomy":"post_tag","embeddable":true,"href":"http:\/\/gazetevizyon.com\/index.php?rest_route=%2Fwp%2Fv2%2Ftags&post=24556"}],"curies":[{"name":"wp","href":"https:\/\/api.w.org\/{rel}","templated":true}]}}