{"id":2465,"date":"2019-01-19T09:10:20","date_gmt":"2019-01-19T09:10:20","guid":{"rendered":"http:\/\/gazetevizyon.com\/?p=2465"},"modified":"2019-01-19T09:10:22","modified_gmt":"2019-01-19T09:10:22","slug":"cezaevinden-firar-etti-arac-caldi","status":"publish","type":"post","link":"http:\/\/gazetevizyon.com\/?p=2465","title":{"rendered":"CEZAEV\u0130NDEN F\u0130RAR ETT\u0130, ARA\u00c7 \u00c7ALDI"},"content":{"rendered":"\n<p>\n\nS\u0131nd\u0131rg\u0131 \u0130l\u00e7e Jandarma Komutanl\u0131\u011f\u0131na m\u00fcracaat eden H.U. isimli \u015fah\u0131s; S\u0131nd\u0131rg\u0131 il\u00e7esi Karaa\u011fa\u00e7 mahallesinde kendi ad\u0131na kay\u0131tl\u0131 olan&nbsp; 10 \u2026 \u2026. plakal\u0131 trakt\u00f6r\u00fcn\u00fcn \u00e7al\u0131nd\u0131\u011f\u0131n\u0131 beyan ederek \u015fikayette bulunmu\u015ftur.Olay\u0131n \u00f6\u011frenilmesini m\u00fcteakip; Bal\u0131kesir \u0130l Jandarma Komutanl\u0131\u011f\u0131nca g\u00f6revlendirilen devriyeler ve sivil unsurlar taraf\u0131ndan b\u00f6lgede yap\u0131lan ara\u015ft\u0131rmalar, g\u00fcvenlik kamera g\u00f6r\u00fcnt\u00fclerinin incelenmesi ve istihbar\u00ee \u00e7al\u0131\u015fmalar sonucunda; \u00e7al\u0131nan trakt\u00f6r ayn\u0131 g\u00fcn Bigadi\u00e7 il\u00e7esi giri\u015finde bulunmu\u015f ve sahibi H.U. isimli \u015fahsa teslim edilmi\u015ftir.Olay faili\/failleri hakk\u0131nda yap\u0131lan geni\u015f \u00e7apl\u0131 ara\u015ft\u0131rmalar neticesinde; trakt\u00f6r h\u0131rs\u0131zl\u0131\u011f\u0131n\u0131n C.B., M.\u00c7. ve Azerbaycan uyruklu F.A. isimli \u015fah\u0131slar taraf\u0131ndan yap\u0131ld\u0131\u011f\u0131&nbsp; ve \u015f\u00fcphelilerin olay yerine Azerbaycan uyruklu&nbsp; F.A. isimli \u015fah\u0131s taraf\u0131ndan bir oto kiralama \u015firketinden kiralanan 17 \u2026 \u2026 plakal\u0131 ara\u00e7la geldikleri y\u00f6n\u00fcnde bilgi elde edilmi\u015ftir.Elde edilen bilgiler do\u011frultusunda olay \u015f\u00fcphelilerine y\u00f6nelik yap\u0131lan \u00e7al\u0131\u015fmalarda, \u015f\u00fcpheli M.\u00c7.&#8217;nin Manisa ili Akhisar A\u00e7\u0131k Cezaevinden firar etti\u011fi tespit edilmi\u015ftir.Olay \u015f\u00fcphelileri C.B., M.\u00c7. ve Azerbaycan uyruklu F.A. yap\u0131lan ara\u015ft\u0131rmalar ve&nbsp; fiziki takip sonucu de\u011fi\u015fik tarihlerde yakalanm\u0131\u015f olup, sevk edildikleri Adli makamlarca tutuklanarak Kepsut Kapal\u0131 Cezaevine sevk edilmi\u015flerdir.\n\n<\/p>\n","protected":false},"excerpt":{"rendered":"<p>S\u0131nd\u0131rg\u0131 \u0130l\u00e7e Jandarma Komutanl\u0131\u011f\u0131na m\u00fcracaat eden H.U. isimli \u015fah\u0131s; S\u0131nd\u0131rg\u0131 il\u00e7esi Karaa\u011fa\u00e7 mahallesinde kendi ad\u0131na kay\u0131tl\u0131 olan&nbsp; 10 \u2026 \u2026. plakal\u0131 trakt\u00f6r\u00fcn\u00fcn \u00e7al\u0131nd\u0131\u011f\u0131n\u0131 beyan ederek \u015fikayette bulunmu\u015ftur.Olay\u0131n \u00f6\u011frenilmesini m\u00fcteakip; Bal\u0131kesir \u0130l Jandarma Komutanl\u0131\u011f\u0131nca g\u00f6revlendirilen devriyeler ve sivil unsurlar taraf\u0131ndan b\u00f6lgede&#8230;<\/p>\n","protected":false},"author":3,"featured_media":2466,"comment_status":"open","ping_status":"open","sticky":false,"template":"","format":"standard","meta":{"footnotes":""},"categories":[20,36,35],"tags":[],"class_list":["post-2465","post","type-post","status-publish","format-standard","has-post-thumbnail","hentry","category-guncel","category-manset","category-son-dakika"],"_links":{"self":[{"href":"http:\/\/gazetevizyon.com\/index.php?rest_route=\/wp\/v2\/posts\/2465","targetHints":{"allow":["GET"]}}],"collection":[{"href":"http:\/\/gazetevizyon.com\/index.php?rest_route=\/wp\/v2\/posts"}],"about":[{"href":"http:\/\/gazetevizyon.com\/index.php?rest_route=\/wp\/v2\/types\/post"}],"author":[{"embeddable":true,"href":"http:\/\/gazetevizyon.com\/index.php?rest_route=\/wp\/v2\/users\/3"}],"replies":[{"embeddable":true,"href":"http:\/\/gazetevizyon.com\/index.php?rest_route=%2Fwp%2Fv2%2Fcomments&post=2465"}],"version-history":[{"count":1,"href":"http:\/\/gazetevizyon.com\/index.php?rest_route=\/wp\/v2\/posts\/2465\/revisions"}],"predecessor-version":[{"id":2467,"href":"http:\/\/gazetevizyon.com\/index.php?rest_route=\/wp\/v2\/posts\/2465\/revisions\/2467"}],"wp:featuredmedia":[{"embeddable":true,"href":"http:\/\/gazetevizyon.com\/index.php?rest_route=\/wp\/v2\/media\/2466"}],"wp:attachment":[{"href":"http:\/\/gazetevizyon.com\/index.php?rest_route=%2Fwp%2Fv2%2Fmedia&parent=2465"}],"wp:term":[{"taxonomy":"category","embeddable":true,"href":"http:\/\/gazetevizyon.com\/index.php?rest_route=%2Fwp%2Fv2%2Fcategories&post=2465"},{"taxonomy":"post_tag","embeddable":true,"href":"http:\/\/gazetevizyon.com\/index.php?rest_route=%2Fwp%2Fv2%2Ftags&post=2465"}],"curies":[{"name":"wp","href":"https:\/\/api.w.org\/{rel}","templated":true}]}}