{"id":24681,"date":"2025-03-26T16:19:38","date_gmt":"2025-03-26T16:19:38","guid":{"rendered":"http:\/\/gazetevizyon.com\/?p=24681"},"modified":"2025-03-26T16:19:38","modified_gmt":"2025-03-26T16:19:38","slug":"erdek-deniz-motorlu-tasiyicilar-kooperatifinden-gazi-meclis-ziyareti","status":"publish","type":"post","link":"http:\/\/gazetevizyon.com\/?p=24681","title":{"rendered":"Erdek Deniz Motorlu Ta\u015f\u0131y\u0131c\u0131lar Kooperatifinden Gazi Meclis Ziyareti"},"content":{"rendered":"<p>\n<h2>Deniz Ta\u015f\u0131mac\u0131l\u0131\u011f\u0131 Temsilcileri Gazi Meclisi&#8217;ni Ziyaret Etti<\/h2>\n<\/p>\n<p><\/p>\n<p>Marmara Ro<\/p>\n<ul>\n<li>Ro Ba\u015fkan\u0131 Muharrem S\u00fcrmen ve beraberindeki Erdek Deniz Motorlu Ta\u015f\u0131y\u0131c\u0131lar Kooperatifi Y\u00f6netim Kurulu \u00dcyeleri, <strong>Gazi Meclisimizde<\/strong> ger\u00e7ekle\u015fen bir ziyaret ger\u00e7ekle\u015ftirdi. Ziyarette deniz ta\u015f\u0131mac\u0131l\u0131\u011f\u0131 sekt\u00f6r\u00fc ve b\u00f6lgedeki ula\u015f\u0131m konular\u0131 \u00fczerine g\u00f6r\u00fc\u015f al\u0131\u015fveri\u015finde bulunuldu\u011fu \u00f6\u011frenildi.<\/p>\n<\/li>\n<p><\/p>\n<p><h3>Ziyaretin Ama\u00e7lar\u0131<\/h3>\n<\/p>\n<p><\/p>\n<p>Ziyaretin temel amac\u0131n\u0131n, deniz motorlu ta\u015f\u0131y\u0131c\u0131lar\u0131n kar\u015f\u0131la\u015ft\u0131\u011f\u0131 sorunlar ve sekt\u00f6r\u00fcn geli\u015fimi i\u00e7in yap\u0131labilecekler hakk\u0131nda fikir teatisi yapmak oldu\u011fu belirtiliyor. \u00d6zellikle Marmara B\u00f6lgesi&#8217;nde deniz ula\u015f\u0131m\u0131n\u0131n \u00f6nemi ve bu alandaki potansiyel geli\u015fmeler \u00fczerine odaklan\u0131ld\u0131\u011f\u0131 ifade ediliyor.<\/p>\n<p><\/p>\n<p><h3>G\u00f6r\u00fc\u015fmelerin Detaylar\u0131<\/h3>\n<\/p>\n<p><\/p>\n<p>Ziyarette, <strong>deniz ta\u015f\u0131mac\u0131l\u0131\u011f\u0131<\/strong> alan\u0131nda kar\u015f\u0131la\u015f\u0131lan engeller, lojistik s\u00fcre\u00e7lerdeki iyile\u015ftirme imkanlar\u0131 ve sekt\u00f6r\u00fcn rekabet g\u00fcc\u00fcn\u00fc art\u0131racak stratejiler gibi konular ele al\u0131nd\u0131. \u00d6zellikle Erdek&#8217;ten Marmara B\u00f6lgesi&#8217;ne yap\u0131lan deniz yolu ta\u015f\u0131malar\u0131n\u0131n \u00f6nemi vurgulanarak, bu alandaki desteklerin art\u0131r\u0131lmas\u0131 talebi dile getirildi.<\/p>\n<p><\/p>\n<p><h3>Sekt\u00f6r\u00fcn \u00d6nemi<\/h3>\n<\/p>\n<p><\/p>\n<p>Deniz motorlu ta\u015f\u0131y\u0131c\u0131lar kooperatifleri, \u00f6zellikle k\u0131y\u0131 b\u00f6lgelerde <strong>lojistik<\/strong> ve ula\u015f\u0131m alan\u0131nda \u00f6nemli bir rol oynamaktad\u0131r. Bu kooperatifler, hem yolcu ta\u015f\u0131mac\u0131l\u0131\u011f\u0131 hem de y\u00fck ta\u015f\u0131mac\u0131l\u0131\u011f\u0131 alanlar\u0131nda hizmet vererek b\u00f6lgedeki ekonomik canl\u0131l\u0131\u011f\u0131 desteklemektedir. Marmara Ro<\/p>\n<li>Ro gibi kurulu\u015flar, deniz yoluyla yap\u0131lan ta\u015f\u0131malar\u0131n daha h\u0131zl\u0131 ve g\u00fcvenli bir \u015fekilde ger\u00e7ekle\u015ftirilmesini sa\u011flayarak \u00f6nemli bir katk\u0131 sunmaktad\u0131r.<\/p>\n<\/li>\n<p><\/p>\n<p><ul>    <\/p>\n<li>Deniz ta\u015f\u0131mac\u0131l\u0131\u011f\u0131n\u0131n maliyet etkinli\u011fi<\/li>\n<p>    <\/p>\n<li>\u00c7evresel etkilerinin di\u011fer ta\u015f\u0131ma y\u00f6ntemlerine g\u00f6re daha az olmas\u0131<\/li>\n<p>    <\/p>\n<li>B\u00f6lgesel ekonomiye kat\u0131l\u0131m<\/li>\n<\/ul>\n<p><\/ul><\/p>\n","protected":false},"excerpt":{"rendered":"<p>Deniz Ta\u015f\u0131mac\u0131l\u0131\u011f\u0131 Temsilcileri Gazi Meclisi&#8217;ni Ziyaret Etti Marmara Ro Ro Ba\u015fkan\u0131 Muharrem S\u00fcrmen ve beraberindeki Erdek Deniz Motorlu Ta\u015f\u0131y\u0131c\u0131lar Kooperatifi Y\u00f6netim Kurulu \u00dcyeleri, Gazi Meclisimizde ger\u00e7ekle\u015fen bir ziyaret ger\u00e7ekle\u015ftirdi. Ziyarette deniz ta\u015f\u0131mac\u0131l\u0131\u011f\u0131 sekt\u00f6r\u00fc ve b\u00f6lgedeki ula\u015f\u0131m konular\u0131 \u00fczerine g\u00f6r\u00fc\u015f al\u0131\u015fveri\u015finde&#8230;<\/p>\n","protected":false},"author":1,"featured_media":24682,"comment_status":"closed","ping_status":"closed","sticky":false,"template":"","format":"standard","meta":{"footnotes":""},"categories":[23],"tags":[],"class_list":["post-24681","post","type-post","status-publish","format-standard","has-post-thumbnail","hentry","category-siyaset"],"_links":{"self":[{"href":"http:\/\/gazetevizyon.com\/index.php?rest_route=\/wp\/v2\/posts\/24681","targetHints":{"allow":["GET"]}}],"collection":[{"href":"http:\/\/gazetevizyon.com\/index.php?rest_route=\/wp\/v2\/posts"}],"about":[{"href":"http:\/\/gazetevizyon.com\/index.php?rest_route=\/wp\/v2\/types\/post"}],"author":[{"embeddable":true,"href":"http:\/\/gazetevizyon.com\/index.php?rest_route=\/wp\/v2\/users\/1"}],"replies":[{"embeddable":true,"href":"http:\/\/gazetevizyon.com\/index.php?rest_route=%2Fwp%2Fv2%2Fcomments&post=24681"}],"version-history":[{"count":1,"href":"http:\/\/gazetevizyon.com\/index.php?rest_route=\/wp\/v2\/posts\/24681\/revisions"}],"predecessor-version":[{"id":24709,"href":"http:\/\/gazetevizyon.com\/index.php?rest_route=\/wp\/v2\/posts\/24681\/revisions\/24709"}],"wp:featuredmedia":[{"embeddable":true,"href":"http:\/\/gazetevizyon.com\/index.php?rest_route=\/wp\/v2\/media\/24682"}],"wp:attachment":[{"href":"http:\/\/gazetevizyon.com\/index.php?rest_route=%2Fwp%2Fv2%2Fmedia&parent=24681"}],"wp:term":[{"taxonomy":"category","embeddable":true,"href":"http:\/\/gazetevizyon.com\/index.php?rest_route=%2Fwp%2Fv2%2Fcategories&post=24681"},{"taxonomy":"post_tag","embeddable":true,"href":"http:\/\/gazetevizyon.com\/index.php?rest_route=%2Fwp%2Fv2%2Ftags&post=24681"}],"curies":[{"name":"wp","href":"https:\/\/api.w.org\/{rel}","templated":true}]}}