{"id":24869,"date":"2025-03-28T04:05:16","date_gmt":"2025-03-28T04:05:16","guid":{"rendered":"http:\/\/gazetevizyon.com\/?p=24869"},"modified":"2025-03-28T04:05:16","modified_gmt":"2025-03-28T04:05:16","slug":"chp-balikesirde-gonenden-yukselen-ses-turkiye-kazanacak","status":"publish","type":"post","link":"http:\/\/gazetevizyon.com\/?p=24869","title":{"rendered":"CHP Bal\u0131kesir&#8217;de G\u00f6nen&#8217;den Y\u00fckselen Ses: &#8220;T\u00fcrkiye Kazanacak&#8221;"},"content":{"rendered":"<p>\n<h2>Bal\u0131kesir&#8217;de Kararl\u0131l\u0131k Mesaj\u0131<\/h2>\n<\/p>\n<p><\/p>\n<p><strong>CHP Bal\u0131kesir \u0130l Ba\u015fkanl\u0131\u011f\u0131<\/strong>, G\u00f6nen il\u00e7esinde d\u00fczenlenen miting ile dikkat \u00e7eken bir etkinlik ger\u00e7ekle\u015ftirdi. Etkinlikte, partililer ve vatanda\u015flar bir araya gelerek g\u00fc\u00e7l\u00fc bir dayan\u0131\u015fma \u00f6rne\u011fi sergiledi. CHP&#8217;li y\u00f6neticiler, <strong>&#8220;Bir ad\u0131m geri atmayaca\u011f\u0131z&#8221;<\/strong> slogan\u0131yla kararl\u0131l\u0131klar\u0131n\u0131 vurgulad\u0131.<\/p>\n<p><\/p>\n<p><h3>G\u00f6nen&#8217;den Sara\u00e7hane&#8217;ye Uzanan Ba\u011flant\u0131<\/h3>\n<\/p>\n<p><\/p>\n<p>Mitingde konu\u015fan il ba\u015fkanl\u0131\u011f\u0131 temsilcileri, partililere ve halka hitaben \u00f6nemli mesajlar verdi. \u00d6zellikle <strong>&#8220;Biz neredeysek oras\u0131 Sara\u00e7hane&#8221;<\/strong> ifadesiyle, CHP&#8217;nin \u00fclke genelindeki m\u00fccadele azmini vurgulad\u0131lar. Bu ifade, partinin \u0130stanbul Sara\u00e7hane&#8217;deki mitinglerinin etkisini ve \u00f6nemini yans\u0131tan bir sembol olarak yorumland\u0131.<\/p>\n<p><\/p>\n<p><h3>Ekrem \u0130mamo\u011flu Vurgusu<\/h3>\n<\/p>\n<p><\/p>\n<p>Etkinlikte ayr\u0131ca <strong>Ekrem \u0130mamo\u011flu<\/strong>&#8216;na olan destek de \u00f6n plana \u00e7\u0131kar\u0131ld\u0131. \u0130l ba\u015fkanl\u0131\u011f\u0131 yetkilileri, \u0130mamo\u011flu&#8217;nun &#8220;millete emanet&#8221; oldu\u011funu belirterek, onun liderli\u011findeki projelerin ve \u00e7al\u0131\u015fmalar\u0131n \u00f6nemine dikkat \u00e7ekti. Bu vurgu, CHP&#8217;nin \u0130stanbul B\u00fcy\u00fck\u015fehir Belediye Ba\u015fkan\u0131 Ekrem \u0130mamo\u011flu ile g\u00fc\u00e7l\u00fc bir ba\u011f kurdu\u011funu g\u00f6steriyor.<\/p>\n<p><\/p>\n<p><h3>Dayan\u0131\u015fma ve M\u00fccadele Azmi<\/h3>\n<\/p>\n<p><\/p>\n<p>CHP Bal\u0131kesir \u0130l Ba\u015fkanl\u0131\u011f\u0131 temsilcileri, mitingde yapt\u0131klar\u0131 konu\u015fmalarda, zorlu m\u00fccadeleden korkmad\u0131klar\u0131n\u0131 ve omuz omuza vererek ba\u015far\u0131ya ula\u015facaklar\u0131n\u0131 belirttiler. <strong>&#8220;Kurtulu\u015f yok tek ba\u015f\u0131na&#8221;<\/strong> slogan\u0131 ise, toplumsal sorunlara kar\u015f\u0131 birlikte hareket etmenin gereklili\u011fini vurgulad\u0131. Bu mesajlar, CHP&#8217;nin toplumun farkl\u0131 kesimleriyle dayan\u0131\u015fma i\u00e7inde olma ve ortak hedeflere ula\u015fma arzusunu yans\u0131t\u0131yor.<\/p>\n<p><\/p>\n<p><h3>T\u00fcrkiye Kazanacak<\/h3>\n<\/p>\n<p><\/p>\n<p>Mitingin en dikkat \u00e7ekici sloganlar\u0131ndan biri ise <strong>&#8220;Biz ba\u015faraca\u011f\u0131z, biz kazanaca\u011f\u0131z, T\u00fcrkiye kazanacak&#8221;<\/strong> oldu. Bu slogan, CHP&#8217;nin sadece kendi partisi i\u00e7in de\u011fil, t\u00fcm T\u00fcrkiye i\u00e7in daha iyi bir gelecek in\u015fa etme hedefi ta\u015f\u0131d\u0131\u011f\u0131n\u0131 g\u00f6steriyor. \u0130l ba\u015fkanl\u0131\u011f\u0131, bu miting ile Bal\u0131kesir ve \u00e7evresindeki se\u00e7menlere y\u00f6nelik mesaj\u0131n\u0131 net bir \u015fekilde iletmi\u015f oldu.<\/p><\/p>\n","protected":false},"excerpt":{"rendered":"<p>Bal\u0131kesir&#8217;de Kararl\u0131l\u0131k Mesaj\u0131 CHP Bal\u0131kesir \u0130l Ba\u015fkanl\u0131\u011f\u0131, G\u00f6nen il\u00e7esinde d\u00fczenlenen miting ile dikkat \u00e7eken bir etkinlik ger\u00e7ekle\u015ftirdi. Etkinlikte, partililer ve vatanda\u015flar bir araya gelerek g\u00fc\u00e7l\u00fc bir dayan\u0131\u015fma \u00f6rne\u011fi sergiledi. CHP&#8217;li y\u00f6neticiler, &#8220;Bir ad\u0131m geri atmayaca\u011f\u0131z&#8221; slogan\u0131yla kararl\u0131l\u0131klar\u0131n\u0131 vurgulad\u0131. G\u00f6nen&#8217;den Sara\u00e7hane&#8217;ye&#8230;<\/p>\n","protected":false},"author":1,"featured_media":24870,"comment_status":"closed","ping_status":"closed","sticky":false,"template":"","format":"standard","meta":{"footnotes":""},"categories":[23],"tags":[],"class_list":["post-24869","post","type-post","status-publish","format-standard","has-post-thumbnail","hentry","category-siyaset"],"_links":{"self":[{"href":"http:\/\/gazetevizyon.com\/index.php?rest_route=\/wp\/v2\/posts\/24869","targetHints":{"allow":["GET"]}}],"collection":[{"href":"http:\/\/gazetevizyon.com\/index.php?rest_route=\/wp\/v2\/posts"}],"about":[{"href":"http:\/\/gazetevizyon.com\/index.php?rest_route=\/wp\/v2\/types\/post"}],"author":[{"embeddable":true,"href":"http:\/\/gazetevizyon.com\/index.php?rest_route=\/wp\/v2\/users\/1"}],"replies":[{"embeddable":true,"href":"http:\/\/gazetevizyon.com\/index.php?rest_route=%2Fwp%2Fv2%2Fcomments&post=24869"}],"version-history":[{"count":1,"href":"http:\/\/gazetevizyon.com\/index.php?rest_route=\/wp\/v2\/posts\/24869\/revisions"}],"predecessor-version":[{"id":24880,"href":"http:\/\/gazetevizyon.com\/index.php?rest_route=\/wp\/v2\/posts\/24869\/revisions\/24880"}],"wp:featuredmedia":[{"embeddable":true,"href":"http:\/\/gazetevizyon.com\/index.php?rest_route=\/wp\/v2\/media\/24870"}],"wp:attachment":[{"href":"http:\/\/gazetevizyon.com\/index.php?rest_route=%2Fwp%2Fv2%2Fmedia&parent=24869"}],"wp:term":[{"taxonomy":"category","embeddable":true,"href":"http:\/\/gazetevizyon.com\/index.php?rest_route=%2Fwp%2Fv2%2Fcategories&post=24869"},{"taxonomy":"post_tag","embeddable":true,"href":"http:\/\/gazetevizyon.com\/index.php?rest_route=%2Fwp%2Fv2%2Ftags&post=24869"}],"curies":[{"name":"wp","href":"https:\/\/api.w.org\/{rel}","templated":true}]}}