{"id":24991,"date":"2025-03-29T08:00:26","date_gmt":"2025-03-29T08:00:26","guid":{"rendered":"http:\/\/gazetevizyon.com\/?p=24991"},"modified":"2025-03-29T08:00:26","modified_gmt":"2025-03-29T08:00:26","slug":"chp-istanbulda-imamoglu-destek-mitingi-duzenleyecek","status":"publish","type":"post","link":"http:\/\/gazetevizyon.com\/?p=24991","title":{"rendered":"CHP, \u0130stanbul&#8217;da \u0130mamo\u011flu Destek Mitingi D\u00fczenleyecek"},"content":{"rendered":"<p>\n<h2>Millet \u0130radesine Vurguyla Toplan\u0131yorlar<\/h2>\n<\/p>\n<p><\/p>\n<p>Cumhuriyet Halk Partisi (CHP), <strong>milyonlarca destek\u00e7iyle<\/strong> bir araya gelerek, Cumhurba\u015fkan\u0131 aday\u0131 Ekrem \u0130mamo\u011flu&#8217;na destek vermek amac\u0131yla \u0130stanbul Maltepe Sahili Miting Alan\u0131\u2019nda bulu\u015facak. CHP Bal\u0131kesir \u0130l Ba\u015fkanl\u0131\u011f\u0131 taraf\u0131ndan yap\u0131lan a\u00e7\u0131klamada, mitingin amac\u0131 olarak millet iradesine sahip \u00e7\u0131kmak ve \u0130mamo\u011flu&#8217;na \u00f6zg\u00fcrl\u00fck talebi vurgulan\u0131yor.<\/p>\n<p><\/p>\n<p><h3>Maltepe Sahili&#8217;nde B\u00fcy\u00fck Bulu\u015fma<\/h3>\n<\/p>\n<p><\/p>\n<p>29 Mart Cumartesi g\u00fcn\u00fc saat 12:00\u2019de ger\u00e7ekle\u015fecek olan miting i\u00e7in CHP, vatanda\u015flar\u0131 bir araya gelmeye davet ediyor. A\u00e7\u0131klamada, T\u00fcrk bayraklar\u0131yla kat\u0131l\u0131narak dayan\u0131\u015fman\u0131n \u00f6nemi vurgulan\u0131rken, &#8220;Beraberken \u00e7ok daha g\u00fc\u00e7l\u00fcy\u00fcz&#8221; mesaj\u0131 iletiliyor.<\/p>\n<p><\/p>\n<p><h3>Ula\u015f\u0131m Deste\u011fi \u0130l\u00e7e Ba\u015fkanl\u0131klar\u0131ndan<\/h3>\n<\/p>\n<p><\/p>\n<p>Mitinge kat\u0131lmak isteyenler i\u00e7in ula\u015f\u0131m konusunda CHP il\u00e7e ba\u015fkanl\u0131klar\u0131 arac\u0131l\u0131\u011f\u0131yla destek sa\u011flanaca\u011f\u0131 belirtildi. Vatanda\u015flar, kendi b\u00f6lgelerindeki il\u00e7e ba\u015fkanl\u0131klar\u0131yla ileti\u015fime ge\u00e7erek ula\u015f\u0131m detaylar\u0131 hakk\u0131nda bilgi alabilirler. <strong>CHP&#8217;nin bu mitingi, yakla\u015fan se\u00e7imlerde \u0130mamo\u011flu\u2019na olan deste\u011fi peki\u015ftirmeyi ve millet iradesini g\u00fc\u00e7lendirmeyi ama\u00e7l\u0131yor.<\/strong><\/p>\n<p><\/p>\n<p><ul>  <\/p>\n<ul>\n<li>Miting Tarihi: 29 Mart Cumartesi<\/li>\n<p>  <\/p>\n<li>Miting Saati: 12:00<\/li>\n<p>  <\/p>\n<li>Miting Yeri: Maltepe Sahili Miting Alan\u0131, \u0130stanbul<\/li>\n<\/ul>\n<p><\/ul>\n<\/p>\n<p><\/p>\n<p>Bu miting, CHP&#8217;nin se\u00e7im kampanyas\u0131 kapsam\u0131nda d\u00fczenledi\u011fi \u00f6nemli etkinliklerden biri olarak g\u00f6r\u00fcl\u00fcyor ve geni\u015f bir kat\u0131l\u0131m\u0131n beklenmesi nedeniyle haz\u0131rl\u0131klar devam ediyor. \u0130mamo\u011flu\u2019nun \u00f6zg\u00fcrl\u00fc\u011f\u00fc vurgusu ise partinin s\u00f6ylemlerinde \u00f6n plana \u00e7\u0131k\u0131yor.<\/p><\/p>\n","protected":false},"excerpt":{"rendered":"<p>Millet \u0130radesine Vurguyla Toplan\u0131yorlar Cumhuriyet Halk Partisi (CHP), milyonlarca destek\u00e7iyle bir araya gelerek, Cumhurba\u015fkan\u0131 aday\u0131 Ekrem \u0130mamo\u011flu&#8217;na destek vermek amac\u0131yla \u0130stanbul Maltepe Sahili Miting Alan\u0131\u2019nda bulu\u015facak. CHP Bal\u0131kesir \u0130l Ba\u015fkanl\u0131\u011f\u0131 taraf\u0131ndan yap\u0131lan a\u00e7\u0131klamada, mitingin amac\u0131 olarak millet iradesine sahip \u00e7\u0131kmak&#8230;<\/p>\n","protected":false},"author":1,"featured_media":24992,"comment_status":"closed","ping_status":"closed","sticky":false,"template":"","format":"standard","meta":{"footnotes":""},"categories":[23],"tags":[],"class_list":["post-24991","post","type-post","status-publish","format-standard","has-post-thumbnail","hentry","category-siyaset"],"_links":{"self":[{"href":"http:\/\/gazetevizyon.com\/index.php?rest_route=\/wp\/v2\/posts\/24991","targetHints":{"allow":["GET"]}}],"collection":[{"href":"http:\/\/gazetevizyon.com\/index.php?rest_route=\/wp\/v2\/posts"}],"about":[{"href":"http:\/\/gazetevizyon.com\/index.php?rest_route=\/wp\/v2\/types\/post"}],"author":[{"embeddable":true,"href":"http:\/\/gazetevizyon.com\/index.php?rest_route=\/wp\/v2\/users\/1"}],"replies":[{"embeddable":true,"href":"http:\/\/gazetevizyon.com\/index.php?rest_route=%2Fwp%2Fv2%2Fcomments&post=24991"}],"version-history":[{"count":1,"href":"http:\/\/gazetevizyon.com\/index.php?rest_route=\/wp\/v2\/posts\/24991\/revisions"}],"predecessor-version":[{"id":25005,"href":"http:\/\/gazetevizyon.com\/index.php?rest_route=\/wp\/v2\/posts\/24991\/revisions\/25005"}],"wp:featuredmedia":[{"embeddable":true,"href":"http:\/\/gazetevizyon.com\/index.php?rest_route=\/wp\/v2\/media\/24992"}],"wp:attachment":[{"href":"http:\/\/gazetevizyon.com\/index.php?rest_route=%2Fwp%2Fv2%2Fmedia&parent=24991"}],"wp:term":[{"taxonomy":"category","embeddable":true,"href":"http:\/\/gazetevizyon.com\/index.php?rest_route=%2Fwp%2Fv2%2Fcategories&post=24991"},{"taxonomy":"post_tag","embeddable":true,"href":"http:\/\/gazetevizyon.com\/index.php?rest_route=%2Fwp%2Fv2%2Ftags&post=24991"}],"curies":[{"name":"wp","href":"https:\/\/api.w.org\/{rel}","templated":true}]}}