{"id":25363,"date":"2025-04-04T01:10:22","date_gmt":"2025-04-04T01:10:22","guid":{"rendered":"http:\/\/gazetevizyon.com\/?p=25363"},"modified":"2025-04-04T01:10:22","modified_gmt":"2025-04-04T01:10:22","slug":"cuma-mesajlari-yogun-ilgi-gordu","status":"publish","type":"post","link":"http:\/\/gazetevizyon.com\/?p=25363","title":{"rendered":"Cuma Mesajlar\u0131 Yo\u011fun \u0130lgi G\u00f6rd\u00fc"},"content":{"rendered":"<p>\n<h2>Sosyal Medyada Cuma Payla\u015f\u0131mlar\u0131<\/h2>\n<\/p>\n<p><\/p>\n<p>Son zamanlarda sosyal medyada, \u00f6zellikle de dini i\u00e7erikli payla\u015f\u0131mlar b\u00fcy\u00fck ilgi g\u00f6r\u00fcyor. Kullan\u0131c\u0131lar, cuma g\u00fcn\u00fcn\u00fc kar\u015f\u0131lamak ve sevdikleriyle payla\u015fmak amac\u0131yla \u00e7e\u015fitli mesajlar yay\u0131nl\u0131yor. Bu payla\u015f\u0131mlarda genellikle <strong>hay\u0131r dualar<\/strong>, iyi dilekler ve manevi duygular \u00f6ne \u00e7\u0131k\u0131yor.<\/p>\n<p><\/p>\n<p><h3>Dua ve Bereket Temas\u0131<\/h3>\n<\/p>\n<p><\/p>\n<p>Payla\u015f\u0131mlarda s\u0131k\u00e7a yer alan ifadeler aras\u0131nda &#8220;Allah&#8217;\u0131m i\u015fimizi, niyetimizi, yolumuzu ve yar\u0131nlar\u0131m\u0131z\u0131 hay\u0131rl\u0131 k\u0131l&#8221; gibi dualar bulunuyor. Kullan\u0131c\u0131lar, bu dualar\u0131n kabul g\u00f6rmesi i\u00e7in Allah&#8217;a yalvar\u0131yor ve birbirlerine dua etme \u00e7a\u011fr\u0131s\u0131nda bulunuyor. \u00d6zellikle <strong>hay\u0131rl\u0131 ve bereketli Cumalar<\/strong> dilekleri, payla\u015f\u0131mlarda s\u0131k\u00e7a rastlanan ifadeler aras\u0131nda yer al\u0131yor.<\/p>\n<p><\/p>\n<p><h3>Sosyal Medyada Yo\u011fun Etkile\u015fim<\/h3>\n<\/p>\n<p><\/p>\n<p>Cuma g\u00fcn\u00fcne \u00f6zel yap\u0131lan bu payla\u015f\u0131mlar, sosyal medya platformlar\u0131nda y\u00fcksek etkile\u015fim rakamlar\u0131na ula\u015f\u0131yor. Kullan\u0131c\u0131lar, g\u00f6nderileri be\u011fenerek, yorum yaparak ve payla\u015farak dua ve iyi dileklerin daha geni\u015f kitlelere ula\u015fmas\u0131n\u0131 sa\u011fl\u0131yor. Bu durum, dini de\u011ferlerin toplumsal hayattaki \u00f6nemini bir kez daha g\u00f6zler \u00f6n\u00fcne seriyor.<\/p>\n<p><\/p>\n<p><ul>  <\/p>\n<ul>\n<li>Payla\u015f\u0131mlarda genellikle dualar ve hay\u0131r dilekleri yer al\u0131yor.<\/li>\n<p>  <\/p>\n<li>Kullan\u0131c\u0131lar birbirlerine &#8220;Hay\u0131rl\u0131 Cumalar&#8221; mesajlar\u0131 g\u00f6nderiyor.<\/li>\n<p>  <\/p>\n<li>Payla\u015f\u0131mlar, sosyal medyada y\u00fcksek etkile\u015fim rakamlar\u0131na ula\u015f\u0131yor.<\/li>\n<\/ul>\n<p><\/ul>\n<\/p>\n<p><\/p>\n<p>Uzmanlar, bu t\u00fcr payla\u015f\u0131mlar\u0131n toplumsal dayan\u0131\u015fmay\u0131 art\u0131rd\u0131\u011f\u0131n\u0131 ve insanlar\u0131n aras\u0131ndaki ili\u015fkileri g\u00fc\u00e7lendirdi\u011fini belirtiyor. \u00d6zellikle zor zamanlarda veya s\u0131k\u0131nt\u0131l\u0131 d\u00f6nemlerde, dua ve iyi dileklerin moral verici etkisi oldu\u011fu vurgulan\u0131yor. <strong>Sosyal medyan\u0131n bu t\u00fcr dini i\u00e7erikli payla\u015f\u0131mlara ev sahipli\u011fi yapmas\u0131<\/strong>, farkl\u0131 inan\u00e7 gruplar\u0131 aras\u0131ndaki ho\u015fg\u00f6r\u00fcy\u00fc de art\u0131rabilir.<\/p><\/p>\n","protected":false},"excerpt":{"rendered":"<p>Sosyal Medyada Cuma Payla\u015f\u0131mlar\u0131 Son zamanlarda sosyal medyada, \u00f6zellikle de dini i\u00e7erikli payla\u015f\u0131mlar b\u00fcy\u00fck ilgi g\u00f6r\u00fcyor. Kullan\u0131c\u0131lar, cuma g\u00fcn\u00fcn\u00fc kar\u015f\u0131lamak ve sevdikleriyle payla\u015fmak amac\u0131yla \u00e7e\u015fitli mesajlar yay\u0131nl\u0131yor. Bu payla\u015f\u0131mlarda genellikle hay\u0131r dualar, iyi dilekler ve manevi duygular \u00f6ne \u00e7\u0131k\u0131yor. Dua&#8230;<\/p>\n","protected":false},"author":1,"featured_media":25364,"comment_status":"closed","ping_status":"closed","sticky":false,"template":"","format":"standard","meta":{"footnotes":""},"categories":[23],"tags":[],"class_list":["post-25363","post","type-post","status-publish","format-standard","has-post-thumbnail","hentry","category-siyaset"],"_links":{"self":[{"href":"http:\/\/gazetevizyon.com\/index.php?rest_route=\/wp\/v2\/posts\/25363","targetHints":{"allow":["GET"]}}],"collection":[{"href":"http:\/\/gazetevizyon.com\/index.php?rest_route=\/wp\/v2\/posts"}],"about":[{"href":"http:\/\/gazetevizyon.com\/index.php?rest_route=\/wp\/v2\/types\/post"}],"author":[{"embeddable":true,"href":"http:\/\/gazetevizyon.com\/index.php?rest_route=\/wp\/v2\/users\/1"}],"replies":[{"embeddable":true,"href":"http:\/\/gazetevizyon.com\/index.php?rest_route=%2Fwp%2Fv2%2Fcomments&post=25363"}],"version-history":[{"count":1,"href":"http:\/\/gazetevizyon.com\/index.php?rest_route=\/wp\/v2\/posts\/25363\/revisions"}],"predecessor-version":[{"id":25368,"href":"http:\/\/gazetevizyon.com\/index.php?rest_route=\/wp\/v2\/posts\/25363\/revisions\/25368"}],"wp:featuredmedia":[{"embeddable":true,"href":"http:\/\/gazetevizyon.com\/index.php?rest_route=\/wp\/v2\/media\/25364"}],"wp:attachment":[{"href":"http:\/\/gazetevizyon.com\/index.php?rest_route=%2Fwp%2Fv2%2Fmedia&parent=25363"}],"wp:term":[{"taxonomy":"category","embeddable":true,"href":"http:\/\/gazetevizyon.com\/index.php?rest_route=%2Fwp%2Fv2%2Fcategories&post=25363"},{"taxonomy":"post_tag","embeddable":true,"href":"http:\/\/gazetevizyon.com\/index.php?rest_route=%2Fwp%2Fv2%2Ftags&post=25363"}],"curies":[{"name":"wp","href":"https:\/\/api.w.org\/{rel}","templated":true}]}}