{"id":25447,"date":"2025-04-06T16:06:15","date_gmt":"2025-04-06T16:06:15","guid":{"rendered":"http:\/\/gazetevizyon.com\/?p=25447"},"modified":"2025-04-06T16:06:15","modified_gmt":"2025-04-06T16:06:15","slug":"chpde-iktidar-hedefi-ve-liderlik-vurgusu","status":"publish","type":"post","link":"http:\/\/gazetevizyon.com\/?p=25447","title":{"rendered":"CHP&#8217;de \u0130ktidar Hedefi ve Liderlik Vurgusu"},"content":{"rendered":"<p>\n<h2>CHP&#8217;de Yeni D\u00f6nem Ba\u015flad\u0131<\/h2>\n<\/p>\n<p><\/p>\n<p><strong>Cumhuriyet Halk Partisi<\/strong>&#8216;nde (CHP) Genel Ba\u015fkan \u00d6zg\u00fcr \u00d6zel liderli\u011finde yeni bir d\u00f6nem ba\u015flad\u0131. Parti i\u00e7inde, iktidar hedefi do\u011frultusunda birlik ve beraberlik mesajlar\u0131 \u00f6n plana \u00e7\u0131k\u0131yor. CHP te\u015fkilatlar\u0131nda, Genel Ba\u015fkan \u00d6zel\u2019in liderli\u011fine vurgu yap\u0131larak, cesaretle iktidara y\u00fcr\u00fcnmesi gerekti\u011fi ifade ediliyor.<\/p>\n<p><\/p>\n<p><h3>\u0130ktidar Yolunda Birlik Mesaj\u0131<\/h3>\n<\/p>\n<p><\/p>\n<p>CHP&#8217;nin yeni genel ba\u015fkan\u0131 \u00d6zg\u00fcr \u00d6zel, g\u00f6reve gelmesinin ard\u0131ndan partide bir canl\u0131l\u0131k ve motivasyon art\u0131\u015f\u0131 g\u00f6zleniyor. Parti \u00fcyeleri aras\u0131nda &#8220;hep birlikte&#8221; vurgusu yaparak, iktidar hedefine ula\u015fmak i\u00e7in ortak hareket etmenin \u00f6nemine dikkat \u00e7ekiliyor. \u00d6zellikle yerel se\u00e7imlerin ard\u0131ndan gelen bu yeni d\u00f6nemde, CHP&#8217;nin sahadaki \u00e7al\u0131\u015fmalar\u0131n\u0131n daha da yo\u011funla\u015fmas\u0131 bekleniyor.<\/p>\n<p><\/p>\n<p><h3>Cesaret Vurgusu<\/h3>\n<\/p>\n<p><\/p>\n<p>CHP te\u015fkilatlar\u0131nda s\u0131k\u00e7a dile getirilen bir di\u011fer \u00f6nemli nokta ise &#8220;cesaret&#8221; vurgusu. Parti yetkilileri, art\u0131k \u00e7ekinmeden ve kararl\u0131l\u0131kla hareket ederek, T\u00fcrkiye\u2019nin sorunlar\u0131na \u00e7\u00f6z\u00fcm \u00f6nerisi sunacaklar\u0131n\u0131 belirtiyor. Bu ba\u011flamda, CHP&#8217;nin \u00f6n\u00fcm\u00fczdeki s\u00fcre\u00e7te daha aktif bir muhalefet anlay\u0131\u015f\u0131 sergilemesi ve toplumsal sorunlara y\u00f6nelik somut projelerle ortaya \u00e7\u0131kmas\u0131 bekleniyor.<\/p>\n<p><\/p>\n<p><h3>\u00d6zg\u00fcr \u00d6zel\u2019in Liderli\u011fi<\/h3>\n<\/p>\n<p><\/p>\n<p>CHP&#8217;de \u00d6zg\u00fcr \u00d6zel liderli\u011findeki bu yeni d\u00f6nemin, partinin taban\u0131nda olumlu bir etki yaratt\u0131\u011f\u0131 g\u00f6zleniyor. \u00d6zellikle gen\u00e7 se\u00e7menlerin ilgisini \u00e7ekmeyi ba\u015faran \u00d6zel, daha kat\u0131l\u0131mc\u0131 ve demokratik bir y\u00f6netim anlay\u0131\u015f\u0131 ile parti i\u00e7inde yeni bir sinerji olu\u015fturmay\u0131 hedefliyor. CHP&#8217;nin, \u00d6zg\u00fcr \u00d6zel liderli\u011finde \u00f6n\u00fcm\u00fczdeki d\u00f6nemde nas\u0131l bir strateji izleyece\u011fi ise merakla bekleniyor.<\/p>\n<p><\/p>\n<p><ul>  <\/p>\n<ul>\n<li>Parti i\u00e7erisinde birlik ve beraberlik vurgusu<\/li>\n<p>  <\/p>\n<li>\u0130ktidar hedefine ula\u015fma kararl\u0131l\u0131\u011f\u0131<\/li>\n<p>  <\/p>\n<li>Cesaretle sorunlara \u00e7\u00f6z\u00fcm aray\u0131\u015f\u0131<\/li>\n<p>  <\/p>\n<li>Genel Ba\u015fkan \u00d6zg\u00fcr \u00d6zel\u2019in liderli\u011fi<\/li>\n<\/ul>\n<p><\/ul><\/p>\n","protected":false},"excerpt":{"rendered":"<p>CHP&#8217;de Yeni D\u00f6nem Ba\u015flad\u0131 Cumhuriyet Halk Partisi&#8216;nde (CHP) Genel Ba\u015fkan \u00d6zg\u00fcr \u00d6zel liderli\u011finde yeni bir d\u00f6nem ba\u015flad\u0131. Parti i\u00e7inde, iktidar hedefi do\u011frultusunda birlik ve beraberlik mesajlar\u0131 \u00f6n plana \u00e7\u0131k\u0131yor. CHP te\u015fkilatlar\u0131nda, Genel Ba\u015fkan \u00d6zel\u2019in liderli\u011fine vurgu yap\u0131larak, cesaretle iktidara y\u00fcr\u00fcnmesi&#8230;<\/p>\n","protected":false},"author":1,"featured_media":25448,"comment_status":"closed","ping_status":"closed","sticky":false,"template":"","format":"standard","meta":{"footnotes":""},"categories":[23],"tags":[],"class_list":["post-25447","post","type-post","status-publish","format-standard","has-post-thumbnail","hentry","category-siyaset"],"_links":{"self":[{"href":"http:\/\/gazetevizyon.com\/index.php?rest_route=\/wp\/v2\/posts\/25447","targetHints":{"allow":["GET"]}}],"collection":[{"href":"http:\/\/gazetevizyon.com\/index.php?rest_route=\/wp\/v2\/posts"}],"about":[{"href":"http:\/\/gazetevizyon.com\/index.php?rest_route=\/wp\/v2\/types\/post"}],"author":[{"embeddable":true,"href":"http:\/\/gazetevizyon.com\/index.php?rest_route=\/wp\/v2\/users\/1"}],"replies":[{"embeddable":true,"href":"http:\/\/gazetevizyon.com\/index.php?rest_route=%2Fwp%2Fv2%2Fcomments&post=25447"}],"version-history":[{"count":1,"href":"http:\/\/gazetevizyon.com\/index.php?rest_route=\/wp\/v2\/posts\/25447\/revisions"}],"predecessor-version":[{"id":25465,"href":"http:\/\/gazetevizyon.com\/index.php?rest_route=\/wp\/v2\/posts\/25447\/revisions\/25465"}],"wp:featuredmedia":[{"embeddable":true,"href":"http:\/\/gazetevizyon.com\/index.php?rest_route=\/wp\/v2\/media\/25448"}],"wp:attachment":[{"href":"http:\/\/gazetevizyon.com\/index.php?rest_route=%2Fwp%2Fv2%2Fmedia&parent=25447"}],"wp:term":[{"taxonomy":"category","embeddable":true,"href":"http:\/\/gazetevizyon.com\/index.php?rest_route=%2Fwp%2Fv2%2Fcategories&post=25447"},{"taxonomy":"post_tag","embeddable":true,"href":"http:\/\/gazetevizyon.com\/index.php?rest_route=%2Fwp%2Fv2%2Ftags&post=25447"}],"curies":[{"name":"wp","href":"https:\/\/api.w.org\/{rel}","templated":true}]}}