{"id":25773,"date":"2025-04-10T16:15:57","date_gmt":"2025-04-10T16:15:57","guid":{"rendered":"http:\/\/gazetevizyon.com\/?p=25773"},"modified":"2025-04-10T16:15:57","modified_gmt":"2025-04-10T16:15:57","slug":"turk-polis-teskilatinin-kurulusu-erdekte-coskuyla-kutlandi","status":"publish","type":"post","link":"http:\/\/gazetevizyon.com\/?p=25773","title":{"rendered":"T\u00fcrk Polis Te\u015fkilat\u0131&#8217;n\u0131n Kurulu\u015fu Erdek&#8217;te Co\u015fkuyla Kutland\u0131"},"content":{"rendered":"<p>\n<h2>T\u00fcrk Polis Te\u015fkilat\u0131 180 Ya\u015f\u0131nda<\/h2>\n<\/p>\n<p><\/p>\n<p>Bal\u0131kesir\u2019in Erdek il\u00e7esinde, <strong>T\u00fcrk Polis Te\u015fkilat\u0131&#8217;n\u0131n 180. kurulu\u015f y\u0131l d\u00f6n\u00fcm\u00fc<\/strong> \u00e7e\u015fitli etkinliklerle kutland\u0131. Etkinlikler kapsam\u0131nda d\u00fczenlenen ara\u00e7 korteji ve polis botu g\u00f6sterisi, vatanda\u015flar taraf\u0131ndan b\u00fcy\u00fck ilgi g\u00f6rd\u00fc.<\/p>\n<p><\/p>\n<p><h3>Erdek&#8217;te D\u00fczenlenen Kortej<\/h3>\n<\/p>\n<p><\/p>\n<p>Sabah saatlerinde ba\u015flayan kutlamalar, il\u00e7e merkezinde olu\u015fturulan t\u00f6ren alan\u0131nda sayg\u0131 duru\u015fu ve \u0130stiklal Mar\u015f\u0131 okunmas\u0131yla ba\u015flad\u0131. Ard\u0131ndan, Erdek \u0130l\u00e7e Emniyet M\u00fcd\u00fcrl\u00fc\u011f\u00fc&#8217;ne ait ara\u00e7lardan olu\u015fan kortej, ana caddelerden ge\u00e7erek vatanda\u015flar\u0131 selamlad\u0131. Korteje, polis memurlar\u0131, sivil toplum kurulu\u015flar\u0131n\u0131n temsilcileri ve \u00e7ok say\u0131da vatanda\u015f kat\u0131ld\u0131. \u00d6zellikle <strong>modern ekipmanlarla donat\u0131lm\u0131\u015f polis ara\u00e7lar\u0131<\/strong> b\u00fcy\u00fck merak uyand\u0131rd\u0131.<\/p>\n<p><\/p>\n<p><h3>Denizde Polis Botu G\u00f6sterisi<\/h3>\n<\/p>\n<p><\/p>\n<p>Kortejin ard\u0131ndan ise t\u00fcm g\u00f6zler denize \u00e7evrildi. Erdek Liman\u0131&#8217;nda ger\u00e7ekle\u015ftirilen polis botu g\u00f6sterisi, nefes kesen anlara sahne oldu. <strong>Emniyet M\u00fcd\u00fcrl\u00fc\u011f\u00fc\u2019ne ait polis botlar\u0131<\/strong>, yetenekli ekipler taraf\u0131ndan kontrol edilerek \u00e7e\u015fitli manevralar sergilendi. G\u00f6steride, h\u0131zl\u0131 y\u00f6n de\u011fi\u015fimleri, su \u00fczerinde akrobatik hareketler ve kurtarma operasyonlar\u0131n\u0131n sim\u00fclasyonu yer ald\u0131. Vatanda\u015flar, g\u00f6steriyi cep telefonlar\u0131yla \u00f6l\u00fcms\u00fczle\u015ftirdi.<\/p>\n<p><\/p>\n<p><h3>Polis Haftas\u0131 Etkinlikleri Devam Edecek<\/h3>\n<\/p>\n<p><\/p>\n<p>Erdek \u0130l\u00e7e Emniyet M\u00fcd\u00fcrl\u00fc\u011f\u00fc yetkilileri, Polis Haftas\u0131 etkinliklerinin t\u00fcm hafta boyunca devam edece\u011fini belirtti. Etkinlikler kapsam\u0131nda \u00e7e\u015fitli sosyal sorumluluk projeleri ve halkla bulu\u015fma programlar\u0131n\u0131n d\u00fczenlenece\u011fi ifade edildi. Ayr\u0131ca, \u00f6\u011frencilere y\u00f6nelik <strong>trafik g\u00fcvenli\u011fi e\u011fitimleri<\/strong> ve okullarda polis te\u015fkilat\u0131 hakk\u0131nda bilgilendirme seminerleri verilmesi planlan\u0131yor.<\/p>\n<p><\/p>\n<p>Polis Te\u015fkilat\u0131&#8217;n\u0131n kurulu\u015f y\u0131l d\u00f6n\u00fcm\u00fc, Erdek il\u00e7esinde co\u015fkulu bir \u015fekilde kutland\u0131. Vatanda\u015flar, etkinli\u011fe yo\u011fun ilgi g\u00f6stererek emniyet g\u00fc\u00e7lerine desteklerini sundu.<\/p><\/p>\n","protected":false},"excerpt":{"rendered":"<p>T\u00fcrk Polis Te\u015fkilat\u0131 180 Ya\u015f\u0131nda Bal\u0131kesir\u2019in Erdek il\u00e7esinde, T\u00fcrk Polis Te\u015fkilat\u0131&#8217;n\u0131n 180. kurulu\u015f y\u0131l d\u00f6n\u00fcm\u00fc \u00e7e\u015fitli etkinliklerle kutland\u0131. Etkinlikler kapsam\u0131nda d\u00fczenlenen ara\u00e7 korteji ve polis botu g\u00f6sterisi, vatanda\u015flar taraf\u0131ndan b\u00fcy\u00fck ilgi g\u00f6rd\u00fc. Erdek&#8217;te D\u00fczenlenen Kortej Sabah saatlerinde ba\u015flayan kutlamalar, il\u00e7e&#8230;<\/p>\n","protected":false},"author":1,"featured_media":25774,"comment_status":"closed","ping_status":"closed","sticky":false,"template":"","format":"standard","meta":{"footnotes":""},"categories":[36],"tags":[],"class_list":["post-25773","post","type-post","status-publish","format-standard","has-post-thumbnail","hentry","category-manset"],"_links":{"self":[{"href":"http:\/\/gazetevizyon.com\/index.php?rest_route=\/wp\/v2\/posts\/25773","targetHints":{"allow":["GET"]}}],"collection":[{"href":"http:\/\/gazetevizyon.com\/index.php?rest_route=\/wp\/v2\/posts"}],"about":[{"href":"http:\/\/gazetevizyon.com\/index.php?rest_route=\/wp\/v2\/types\/post"}],"author":[{"embeddable":true,"href":"http:\/\/gazetevizyon.com\/index.php?rest_route=\/wp\/v2\/users\/1"}],"replies":[{"embeddable":true,"href":"http:\/\/gazetevizyon.com\/index.php?rest_route=%2Fwp%2Fv2%2Fcomments&post=25773"}],"version-history":[{"count":1,"href":"http:\/\/gazetevizyon.com\/index.php?rest_route=\/wp\/v2\/posts\/25773\/revisions"}],"predecessor-version":[{"id":25786,"href":"http:\/\/gazetevizyon.com\/index.php?rest_route=\/wp\/v2\/posts\/25773\/revisions\/25786"}],"wp:featuredmedia":[{"embeddable":true,"href":"http:\/\/gazetevizyon.com\/index.php?rest_route=\/wp\/v2\/media\/25774"}],"wp:attachment":[{"href":"http:\/\/gazetevizyon.com\/index.php?rest_route=%2Fwp%2Fv2%2Fmedia&parent=25773"}],"wp:term":[{"taxonomy":"category","embeddable":true,"href":"http:\/\/gazetevizyon.com\/index.php?rest_route=%2Fwp%2Fv2%2Fcategories&post=25773"},{"taxonomy":"post_tag","embeddable":true,"href":"http:\/\/gazetevizyon.com\/index.php?rest_route=%2Fwp%2Fv2%2Ftags&post=25773"}],"curies":[{"name":"wp","href":"https:\/\/api.w.org\/{rel}","templated":true}]}}