{"id":25931,"date":"2025-04-12T13:08:56","date_gmt":"2025-04-12T13:08:56","guid":{"rendered":"http:\/\/gazetevizyon.com\/?p=25931"},"modified":"2025-04-12T13:08:56","modified_gmt":"2025-04-12T13:08:56","slug":"gazzede-artan-kayiplar-insani-kriz-derinlesiyor","status":"publish","type":"post","link":"http:\/\/gazetevizyon.com\/?p=25931","title":{"rendered":"Gazze&#8217;de Artan Kay\u0131plar: \u0130nsani Kriz Derinle\u015fiyor"},"content":{"rendered":"<p>\n<h2>Gazze&#8217;deki Durumun Ciddiyeti<\/h2>\n<\/p>\n<p><\/p>\n<p><strong>Gazze \u015eeridi<\/strong>&#8216;nde ya\u015fanan \u00e7at\u0131\u015fmalar, sivil halk \u00fczerinde b\u00fcy\u00fck bir y\u0131k\u0131ma yol a\u00e7maya devam ediyor. Her ge\u00e7en g\u00fcn artan can kay\u0131plar\u0131 ve insani krizin derinle\u015fmesi uluslararas\u0131 toplumda endi\u015fe yarat\u0131yor. B\u00f6lgedeki durum, her say\u0131n\u0131n bir hayat kayb\u0131n\u0131, her sessizli\u011fin ise bir \u00e7\u0131\u011fl\u0131\u011f\u0131 temsil etti\u011fi ac\u0131 bir tablo \u00e7iziyor.<\/p>\n<p><\/p>\n<p><h3>Can Kay\u0131plar\u0131 Art\u0131yor<\/h3>\n<\/p>\n<p><\/p>\n<p>\u00c7at\u0131\u015fmalar\u0131n ba\u015flamas\u0131yla birlikte Gazze&#8217;de binlerce sivil hayat\u0131n\u0131 kaybetti. Hastaneler dolup ta\u015f\u0131yor ve t\u0131bbi malzemelerin yetersizli\u011fi nedeniyle yaral\u0131lar sevk edilemiyor. \u00d6zellikle \u00e7ocuklar\u0131n ve kad\u0131nlar\u0131n y\u00fcksek oranda can kayb\u0131n\u0131n ya\u015fand\u0131\u011f\u0131 belirtiliyor. Yerel kaynaklardan al\u0131nan bilgilere g\u00f6re, b\u00f6lgedeki su, elektrik ve g\u0131da tedarikinde de ciddi s\u0131k\u0131nt\u0131lar ya\u015fan\u0131yor.<\/p>\n<p><\/p>\n<p><h3>\u0130nsani Krizin Boyutlar\u0131<\/h3>\n<\/p>\n<p><\/p>\n<p><strong>Gazze&#8217;deki insani kriz<\/strong>, sadece can kay\u0131plar\u0131yla s\u0131n\u0131rl\u0131 de\u011fil. Milyonlarca insan temel ihtiya\u00e7lar\u0131n\u0131 kar\u015f\u0131lamakta zorlan\u0131yor. Temiz suya eri\u015fim her ge\u00e7en g\u00fcn azal\u0131rken, elektrik kesintileri nedeniyle hastaneler ve di\u011fer hayati hizmetler aks\u0131yor. G\u0131da k\u0131tl\u0131\u011f\u0131 ise a\u00e7l\u0131k tehlikesini art\u0131r\u0131yor.<\/p>\n<p><\/p>\n<p><ul>  <\/p>\n<ul>\n<li><strong>Su Krizi:<\/strong> Gazze&#8217;deki su kaynaklar\u0131 b\u00fcy\u00fck \u00f6l\u00e7\u00fcde hasar g\u00f6rd\u00fc veya kullan\u0131lamaz hale geldi.<\/li>\n<p>  <\/p>\n<li><strong>Elektrik Kesintileri:<\/strong> S\u00fcrekli elektrik kesintileri, hastanelerin ve di\u011fer hayati hizmetlerin i\u015fleyi\u015fini olumsuz etkiliyor.<\/li>\n<p>  <\/p>\n<li><strong>G\u0131da K\u0131tl\u0131\u011f\u0131:<\/strong> G\u0131da tedarikinde ya\u015fanan aksakl\u0131klar nedeniyle milyonlarca insan a\u00e7l\u0131k tehlikesiyle kar\u015f\u0131 kar\u015f\u0131ya.<\/li>\n<\/ul>\n<p><\/ul>\n<\/p>\n<p><\/p>\n<p><h3>Uluslararas\u0131 Toplumun Tepkileri<\/h3>\n<\/p>\n<p><\/p>\n<p>Gazze&#8217;deki durum, uluslararas\u0131 toplum taraf\u0131ndan yak\u0131ndan takip ediliyor. Bir\u00e7ok \u00fclke ve kurulu\u015f, \u00e7at\u0131\u015fmalar\u0131n sona ermesi ve insani yard\u0131m\u0131n ula\u015ft\u0131r\u0131lmas\u0131 \u00e7a\u011fr\u0131s\u0131nda bulunuyor. Ancak, b\u00f6lgedeki gerginli\u011fin azalt\u0131lmas\u0131 i\u00e7in hen\u00fcz somut bir ad\u0131m at\u0131lamad\u0131. <strong>Uluslararas\u0131 K\u0131z\u0131lha\u00e7 \u00d6rg\u00fct\u00fc<\/strong> gibi kurulu\u015flar, acil olarak t\u0131bbi malzeme ve g\u0131da yard\u0131m\u0131 g\u00f6ndermeye \u00e7al\u0131\u015f\u0131yor.<\/p>\n<p><\/p>\n<p><h3>Gelecek Perspektifi<\/h3>\n<\/p>\n<p><\/p>\n<p>Gazze&#8217;deki \u00e7at\u0131\u015fmalar\u0131n ne zaman sona erece\u011fi hen\u00fcz belirsizli\u011fini koruyor. Ancak, b\u00f6lgedeki y\u0131k\u0131m\u0131n b\u00fcy\u00fckl\u00fc\u011f\u00fc g\u00f6z \u00f6n\u00fcne al\u0131nd\u0131\u011f\u0131nda, uzun vadeli bir yeniden in\u015fa s\u00fcrecinin gerekece\u011fi a\u00e7\u0131k\u00e7a g\u00f6r\u00fcl\u00fcyor. Sivil halk\u0131n g\u00fcvenli\u011finin sa\u011flanmas\u0131 ve insani krizin \u00e7\u00f6z\u00fcme kavu\u015fturulmas\u0131 i\u00e7in uluslararas\u0131 toplumun daha etkin bir rol \u00fcstlenmesi gerekiyor.<\/p><\/p>\n","protected":false},"excerpt":{"rendered":"<p>Gazze&#8217;deki Durumun Ciddiyeti Gazze \u015eeridi&#8216;nde ya\u015fanan \u00e7at\u0131\u015fmalar, sivil halk \u00fczerinde b\u00fcy\u00fck bir y\u0131k\u0131ma yol a\u00e7maya devam ediyor. Her ge\u00e7en g\u00fcn artan can kay\u0131plar\u0131 ve insani krizin derinle\u015fmesi uluslararas\u0131 toplumda endi\u015fe yarat\u0131yor. B\u00f6lgedeki durum, her say\u0131n\u0131n bir hayat kayb\u0131n\u0131, her sessizli\u011fin&#8230;<\/p>\n","protected":false},"author":1,"featured_media":25932,"comment_status":"closed","ping_status":"closed","sticky":false,"template":"","format":"standard","meta":{"footnotes":""},"categories":[23],"tags":[],"class_list":["post-25931","post","type-post","status-publish","format-standard","has-post-thumbnail","hentry","category-siyaset"],"_links":{"self":[{"href":"http:\/\/gazetevizyon.com\/index.php?rest_route=\/wp\/v2\/posts\/25931","targetHints":{"allow":["GET"]}}],"collection":[{"href":"http:\/\/gazetevizyon.com\/index.php?rest_route=\/wp\/v2\/posts"}],"about":[{"href":"http:\/\/gazetevizyon.com\/index.php?rest_route=\/wp\/v2\/types\/post"}],"author":[{"embeddable":true,"href":"http:\/\/gazetevizyon.com\/index.php?rest_route=\/wp\/v2\/users\/1"}],"replies":[{"embeddable":true,"href":"http:\/\/gazetevizyon.com\/index.php?rest_route=%2Fwp%2Fv2%2Fcomments&post=25931"}],"version-history":[{"count":1,"href":"http:\/\/gazetevizyon.com\/index.php?rest_route=\/wp\/v2\/posts\/25931\/revisions"}],"predecessor-version":[{"id":25951,"href":"http:\/\/gazetevizyon.com\/index.php?rest_route=\/wp\/v2\/posts\/25931\/revisions\/25951"}],"wp:featuredmedia":[{"embeddable":true,"href":"http:\/\/gazetevizyon.com\/index.php?rest_route=\/wp\/v2\/media\/25932"}],"wp:attachment":[{"href":"http:\/\/gazetevizyon.com\/index.php?rest_route=%2Fwp%2Fv2%2Fmedia&parent=25931"}],"wp:term":[{"taxonomy":"category","embeddable":true,"href":"http:\/\/gazetevizyon.com\/index.php?rest_route=%2Fwp%2Fv2%2Fcategories&post=25931"},{"taxonomy":"post_tag","embeddable":true,"href":"http:\/\/gazetevizyon.com\/index.php?rest_route=%2Fwp%2Fv2%2Ftags&post=25931"}],"curies":[{"name":"wp","href":"https:\/\/api.w.org\/{rel}","templated":true}]}}