{"id":25940,"date":"2025-04-12T15:26:23","date_gmt":"2025-04-12T15:26:23","guid":{"rendered":"http:\/\/gazetevizyon.com\/?p=25940"},"modified":"2025-04-12T15:26:23","modified_gmt":"2025-04-12T15:26:23","slug":"altieylulde-otizm-farkindaligi-etkinligiyle-cocuklar-neseli-anlar-yasadi","status":"publish","type":"post","link":"http:\/\/gazetevizyon.com\/?p=25940","title":{"rendered":"Alt\u0131eyl\u00fcl&#8217;de Otizm Fark\u0131ndal\u0131\u011f\u0131 Etkinli\u011fiyle \u00c7ocuklar Ne\u015feli Anlar Ya\u015fad\u0131"},"content":{"rendered":"<p>\n<h2>Otizmli \u00c7ocuklar G\u00f6n\u00fcllerince E\u011flendi<\/h2>\n<\/p>\n<p><\/p>\n<p>Bal\u0131kesir\u2019in Alt\u0131eyl\u00fcl il\u00e7esinde d\u00fczenlenen etkinlikte <strong>otizmli \u00e7ocuklar<\/strong> keyifli bir g\u00fcn ge\u00e7irdi. Alt\u0131eyl\u00fcl Belediyesi ve Obidevin ortak \u00e7al\u0131\u015fmas\u0131yla Alt\u0131eyl\u00fcl Gazi Mustafa Kemal Atat\u00fcrk Ya\u015fam Kompleksi&#8217;nde ger\u00e7ekle\u015ftirilen program, renkli g\u00f6r\u00fcnt\u00fclere sahne oldu. Etkinlik kapsam\u0131nda otizm fark\u0131ndal\u0131\u011f\u0131 olu\u015fturmak hedeflendi.<\/p>\n<p><\/p>\n<p><h3>Toplumsal Fark\u0131ndal\u0131k Olu\u015fturulmal\u0131<\/h3>\n<\/p>\n<p><\/p>\n<p>D\u00fcnya Otizm Fark\u0131ndal\u0131k Ay\u0131 etkinlikleri \u00e7er\u00e7evesinde d\u00fczenlenen bu anlaml\u0131 programda \u00f6zel \u00e7ocuklar unutamayacaklar\u0131 bir g\u00fcn ya\u015fad\u0131lar. Alt\u0131eyl\u00fcl Belediye Ba\u015fkan\u0131 Hakan \u015eehirli, etkinli\u011fe kat\u0131larak otizmli \u00e7ocuklarla bir araya geldi ve onlara destek verdi.<\/p>\n<p><\/p>\n<p>Ba\u015fkan \u015eehirli yapt\u0131\u011f\u0131 konu\u015fmada, Alt\u0131eyl\u00fcl&#8217;\u00fcn sevgiyle b\u00fcy\u00fcyen, birlikte ya\u015famay\u0131 bilen, yard\u0131mla\u015fmay\u0131 ve payla\u015fmay\u0131 ilke edinmi\u015f bir il\u00e7e oldu\u011funu vurgulad\u0131. <strong>Farkl\u0131l\u0131klar\u0131n toplumu daha g\u00fc\u00e7l\u00fc ve g\u00fczel hale getirece\u011fine inand\u0131\u011f\u0131n\u0131<\/strong> belirten \u015eehirli, otizmli bireylerin de toplumun de\u011ferli \u00fcyeleri oldu\u011funu unutmamak gerekti\u011fini s\u00f6yledi. Otizmli bireylerin potansiyellerini ortaya koyabilecekleri ortamlar yaratman\u0131n \u00f6nemine dikkat \u00e7ekti.<\/p>\n<p><\/p>\n<p><h3>Alt\u0131eyl\u00fcl&#8217;de Her Birey De\u011ferli<\/h3>\n<\/p>\n<p><\/p>\n<p>\u015eehirli, Alt\u0131eyl\u00fcl Belediyesi olarak fark\u0131ndal\u0131k \u00e7al\u0131\u015fmalar\u0131na b\u00fcy\u00fck \u00f6nem verdiklerini ve bu konuda \u00f6nemli bir misyon \u00fcstlendiklerini belirtti. \u0130l\u00e7e genelinde fark\u0131ndal\u0131k \u00e7al\u0131\u015fmalar\u0131, e\u011fitim projeleri ve sosyal destek a\u011flar\u0131n\u0131n olu\u015fturulmaya ba\u015fland\u0131\u011f\u0131n\u0131 ifade eden \u015eehirli, <strong>bu yolculukta herkesin katk\u0131s\u0131na ihtiya\u00e7 duyuldu\u011funu<\/strong> vurgulad\u0131.<\/p>\n<p><\/p>\n<p>Otizmli bireyler i\u00e7in daha fazla e\u011fitim f\u0131rsat\u0131, rehberlik hizmeti ve sosyal entegrasyon sa\u011flaman\u0131n \u00f6nemine de\u011finen \u015eehirli, onlar\u0131n topluma kazand\u0131r\u0131lmas\u0131 i\u00e7in at\u0131lacak her ad\u0131m\u0131n \u00e7ok k\u0131ymetli oldu\u011funu s\u00f6yledi. Alt\u0131eyl\u00fcl\u2019de her bireyin de\u011ferli ve e\u015fit oldu\u011funun alt\u0131n\u0131 \u00e7izerek, otizmli \u00e7ocuklara ve bireylere bu f\u0131rsatlar\u0131 sunman\u0131n ortak sorumluluk oldu\u011funu belirtti.<\/p>\n<p><\/p>\n<p><h3>\u00c7ocuklar Boyama Etkinli\u011finde Doyas\u0131ya E\u011flendi<\/h3>\n<\/p>\n<p><\/p>\n<p>\u00d6zel \u00e7ocuklar\u0131n keyif ald\u0131\u011f\u0131 etkinlikte Alt\u0131eyl\u00fcl Belediye Ba\u015fkan\u0131 Hakan \u015eehirli, otizmli gen\u00e7lerle birlikte boyama \u00e7al\u0131\u015fmas\u0131 yapt\u0131. \u00c7ocuklar\u0131n hayal g\u00fc\u00e7lerini renklere yans\u0131tt\u0131\u011f\u0131 bu \u00e7al\u0131\u015fma, onlara unutulmaz anlar ya\u015fatt\u0131. Etkinli\u011fe kat\u0131lanlar, \u00e7ocuklar\u0131n ne\u015fesi ve heyecan\u0131yla keyifli bir g\u00fcn ge\u00e7irdi. <strong>Otizmli bireylerin topluma kazand\u0131r\u0131lmas\u0131 ve fark\u0131ndal\u0131k olu\u015fturulmas\u0131 amac\u0131yla d\u00fczenlenen etkinlikte, \u00e7ocuklar\u0131n mutlulu\u011fu g\u00f6zlerden okundu.<\/strong><\/p><\/p>\n","protected":false},"excerpt":{"rendered":"<p>Otizmli \u00c7ocuklar G\u00f6n\u00fcllerince E\u011flendi Bal\u0131kesir\u2019in Alt\u0131eyl\u00fcl il\u00e7esinde d\u00fczenlenen etkinlikte otizmli \u00e7ocuklar keyifli bir g\u00fcn ge\u00e7irdi. Alt\u0131eyl\u00fcl Belediyesi ve Obidevin ortak \u00e7al\u0131\u015fmas\u0131yla Alt\u0131eyl\u00fcl Gazi Mustafa Kemal Atat\u00fcrk Ya\u015fam Kompleksi&#8217;nde ger\u00e7ekle\u015ftirilen program, renkli g\u00f6r\u00fcnt\u00fclere sahne oldu. Etkinlik kapsam\u0131nda otizm fark\u0131ndal\u0131\u011f\u0131 olu\u015fturmak hedeflendi&#8230;.<\/p>\n","protected":false},"author":1,"featured_media":25941,"comment_status":"closed","ping_status":"closed","sticky":false,"template":"","format":"standard","meta":{"footnotes":""},"categories":[36],"tags":[],"class_list":["post-25940","post","type-post","status-publish","format-standard","has-post-thumbnail","hentry","category-manset"],"_links":{"self":[{"href":"http:\/\/gazetevizyon.com\/index.php?rest_route=\/wp\/v2\/posts\/25940","targetHints":{"allow":["GET"]}}],"collection":[{"href":"http:\/\/gazetevizyon.com\/index.php?rest_route=\/wp\/v2\/posts"}],"about":[{"href":"http:\/\/gazetevizyon.com\/index.php?rest_route=\/wp\/v2\/types\/post"}],"author":[{"embeddable":true,"href":"http:\/\/gazetevizyon.com\/index.php?rest_route=\/wp\/v2\/users\/1"}],"replies":[{"embeddable":true,"href":"http:\/\/gazetevizyon.com\/index.php?rest_route=%2Fwp%2Fv2%2Fcomments&post=25940"}],"version-history":[{"count":1,"href":"http:\/\/gazetevizyon.com\/index.php?rest_route=\/wp\/v2\/posts\/25940\/revisions"}],"predecessor-version":[{"id":25954,"href":"http:\/\/gazetevizyon.com\/index.php?rest_route=\/wp\/v2\/posts\/25940\/revisions\/25954"}],"wp:featuredmedia":[{"embeddable":true,"href":"http:\/\/gazetevizyon.com\/index.php?rest_route=\/wp\/v2\/media\/25941"}],"wp:attachment":[{"href":"http:\/\/gazetevizyon.com\/index.php?rest_route=%2Fwp%2Fv2%2Fmedia&parent=25940"}],"wp:term":[{"taxonomy":"category","embeddable":true,"href":"http:\/\/gazetevizyon.com\/index.php?rest_route=%2Fwp%2Fv2%2Fcategories&post=25940"},{"taxonomy":"post_tag","embeddable":true,"href":"http:\/\/gazetevizyon.com\/index.php?rest_route=%2Fwp%2Fv2%2Ftags&post=25940"}],"curies":[{"name":"wp","href":"https:\/\/api.w.org\/{rel}","templated":true}]}}