{"id":26001,"date":"2025-04-12T22:19:58","date_gmt":"2025-04-12T22:19:58","guid":{"rendered":"http:\/\/gazetevizyon.com\/?p=26001"},"modified":"2025-04-12T22:19:58","modified_gmt":"2025-04-12T22:19:58","slug":"chp-heyeti-samsunda-il-orgutunu-ziyaret-etti","status":"publish","type":"post","link":"http:\/\/gazetevizyon.com\/?p=26001","title":{"rendered":"CHP Heyeti Samsun&#8217;da \u0130l \u00d6rg\u00fct\u00fcn\u00fc Ziyaret Etti"},"content":{"rendered":"<p>\n<h2>Samsun&#8217;da \u00d6nemli Ziyaret<\/h2>\n<\/p>\n<p><\/p>\n<p>Cumhuriyetin ilk ad\u0131m\u0131n\u0131n at\u0131ld\u0131\u011f\u0131 \u015fehirlerden biri olan Samsun\u2019da, CHP heyeti il \u00f6rg\u00fct\u00fcyle bir araya geldi. <strong>CHP Milletvekili Murat \u00c7an<\/strong>, Kocaeli Milletvekili Harun \u00d6zg\u00fcr Y\u0131ld\u0131zl\u0131 ve Parti \u0130\u00e7i E\u011fitim Sorumlusu Dr. \u00d6zcan Baripo\u011flu&#8217;ndan olu\u015fan heyet, CHP Samsun \u0130l Ba\u015fkan\u0131 Mehmet \u00d6zda\u011f ve il y\u00f6netimini ziyaret etti. Ziyaretin amac\u0131, parti i\u00e7indeki birlik ve dayan\u0131\u015fmay\u0131 peki\u015ftirmek ile \u00f6rg\u00fct g\u00fcc\u00fcn\u00fc art\u0131rmak olarak belirtildi.<\/p>\n<p><\/p>\n<p><h3>Birlik ve Dayan\u0131\u015fma Vurgusu<\/h3>\n<\/p>\n<p><\/p>\n<p>Ziyarette konu\u015fan CHP heyeti temsilcileri, Samsun&#8217;daki partili te\u015fkilat\u0131n \u00f6nemine vurgu yapt\u0131. Milletvekili Murat \u00c7an, Cumhuriyetin ilk ad\u0131m\u0131n\u0131n at\u0131ld\u0131\u011f\u0131 bu \u015fehirde \u00f6rg\u00fct\u00fcn g\u00fcc\u00fcn\u00fcn ve halkla ba\u011flar\u0131n\u0131n g\u00fc\u00e7lendirilmesinin \u00f6nemini dile getirdi. <strong>Heyet, il \u00f6rg\u00fct\u00fc ile birlikte &#8220;halk\u0131n iktidar\u0131&#8221; yolunda omuz omuza \u00e7al\u0131\u015facaklar\u0131n\u0131<\/strong> ifade etti.<\/p>\n<p><\/p>\n<p><h3>\u00d6rg\u00fct G\u00fc\u00e7lenmesi Hedefi<\/h3>\n<\/p>\n<p><\/p>\n<p>CHP Samsun \u0130l Ba\u015fkan\u0131 Mehmet \u00d6zda\u011f ise ziyaretten duydu\u011fu memnuniyeti dile getirdi ve il \u00f6rg\u00fct\u00fcn\u00fcn \u00e7al\u0131\u015fmalar\u0131na destek s\u00f6z\u00fc verdi. \u00d6rg\u00fct\u00fcn, halk\u0131n beklentilerini kar\u015f\u0131lamak ve CHP\u2019nin hedeflerine ula\u015fmak i\u00e7in \u00f6zveriyle \u00e7al\u0131\u015ft\u0131\u011f\u0131 belirtildi. <\/p>\n<p><\/p>\n<p><ul>    <\/p>\n<ul>\n<li>Ziyarette, Samsun&#8217;daki siyasi geli\u015fmeler ve yerel se\u00e7imler de de\u011ferlendirildi.<\/li>\n<p>    <\/p>\n<li>Heyet, il \u00f6rg\u00fct\u00fcnden gelen talepleri dinledi ve \u00e7\u00f6z\u00fcm \u00f6nerileri sundu.<\/li>\n<p>    <\/p>\n<li>\u00d6rg\u00fct\u00fcn daha etkin \u00e7al\u0131\u015fmas\u0131 i\u00e7in yap\u0131labilecek \u00e7al\u0131\u015fmalar \u00fczerine fikir al\u0131\u015fveri\u015finde bulunuldu.<\/li>\n<\/ul>\n<p><\/ul>\n<\/p>\n<p><\/p>\n<p>Ziyaretin ard\u0131ndan yap\u0131lan a\u00e7\u0131klamada, CHP\u2019nin Samsun\u2019da g\u00fc\u00e7l\u00fc bir \u00f6rg\u00fct yap\u0131s\u0131yla halka hizmet etmeye devam edece\u011fi vurguland\u0131. <strong>Samsun&#8217;daki birlik ve dayan\u0131\u015fma ruhu ile partinin hedeflerine ula\u015faca\u011f\u0131na olan inan\u00e7 dile getirildi.<\/strong><\/p><\/p>\n","protected":false},"excerpt":{"rendered":"<p>Samsun&#8217;da \u00d6nemli Ziyaret Cumhuriyetin ilk ad\u0131m\u0131n\u0131n at\u0131ld\u0131\u011f\u0131 \u015fehirlerden biri olan Samsun\u2019da, CHP heyeti il \u00f6rg\u00fct\u00fcyle bir araya geldi. CHP Milletvekili Murat \u00c7an, Kocaeli Milletvekili Harun \u00d6zg\u00fcr Y\u0131ld\u0131zl\u0131 ve Parti \u0130\u00e7i E\u011fitim Sorumlusu Dr. \u00d6zcan Baripo\u011flu&#8217;ndan olu\u015fan heyet, CHP Samsun \u0130l&#8230;<\/p>\n","protected":false},"author":1,"featured_media":26002,"comment_status":"closed","ping_status":"closed","sticky":false,"template":"","format":"standard","meta":{"footnotes":""},"categories":[23],"tags":[],"class_list":["post-26001","post","type-post","status-publish","format-standard","has-post-thumbnail","hentry","category-siyaset"],"_links":{"self":[{"href":"http:\/\/gazetevizyon.com\/index.php?rest_route=\/wp\/v2\/posts\/26001","targetHints":{"allow":["GET"]}}],"collection":[{"href":"http:\/\/gazetevizyon.com\/index.php?rest_route=\/wp\/v2\/posts"}],"about":[{"href":"http:\/\/gazetevizyon.com\/index.php?rest_route=\/wp\/v2\/types\/post"}],"author":[{"embeddable":true,"href":"http:\/\/gazetevizyon.com\/index.php?rest_route=\/wp\/v2\/users\/1"}],"replies":[{"embeddable":true,"href":"http:\/\/gazetevizyon.com\/index.php?rest_route=%2Fwp%2Fv2%2Fcomments&post=26001"}],"version-history":[{"count":1,"href":"http:\/\/gazetevizyon.com\/index.php?rest_route=\/wp\/v2\/posts\/26001\/revisions"}],"predecessor-version":[{"id":26024,"href":"http:\/\/gazetevizyon.com\/index.php?rest_route=\/wp\/v2\/posts\/26001\/revisions\/26024"}],"wp:featuredmedia":[{"embeddable":true,"href":"http:\/\/gazetevizyon.com\/index.php?rest_route=\/wp\/v2\/media\/26002"}],"wp:attachment":[{"href":"http:\/\/gazetevizyon.com\/index.php?rest_route=%2Fwp%2Fv2%2Fmedia&parent=26001"}],"wp:term":[{"taxonomy":"category","embeddable":true,"href":"http:\/\/gazetevizyon.com\/index.php?rest_route=%2Fwp%2Fv2%2Fcategories&post=26001"},{"taxonomy":"post_tag","embeddable":true,"href":"http:\/\/gazetevizyon.com\/index.php?rest_route=%2Fwp%2Fv2%2Ftags&post=26001"}],"curies":[{"name":"wp","href":"https:\/\/api.w.org\/{rel}","templated":true}]}}