{"id":26007,"date":"2025-04-12T23:53:30","date_gmt":"2025-04-12T23:53:30","guid":{"rendered":"http:\/\/gazetevizyon.com\/?p=26007"},"modified":"2025-04-12T23:53:30","modified_gmt":"2025-04-12T23:53:30","slug":"balikesir-buyuksehir-belediye-baskani-ahmet-akindan-guresci-yasemin-adar-yigite-veda","status":"publish","type":"post","link":"http:\/\/gazetevizyon.com\/?p=26007","title":{"rendered":"Bal\u0131kesir B\u00fcy\u00fck\u015fehir Belediye Ba\u015fkan\u0131 Ahmet Ak\u0131n&#8217;dan G\u00fcre\u015f\u00e7i Yasemin Adar Yi\u011fit&#8217;e Veda"},"content":{"rendered":"<p>\n<h2>G\u00fcre\u015fteki Ba\u015far\u0131l\u0131 Kariyerine Veda<\/h2>\n<\/p>\n<p><\/p>\n<p><strong>Bal\u0131kesir<\/strong>, spor d\u00fcnyas\u0131nda \u00f6nemli bir fig\u00fcr\u00fc u\u011furluyor. T\u00fcrkiye ve d\u00fcnya \u00e7ap\u0131nda elde etti\u011fi ba\u015far\u0131larla tan\u0131nan g\u00fcre\u015f\u00e7i Yasemin Adar Yi\u011fit, minderi b\u0131rakarak yeni bir d\u00f6neme ad\u0131m att\u0131. Bal\u0131kesir B\u00fcy\u00fck\u015fehir Belediyesi Ba\u015fkan\u0131 Ahmet Ak\u0131n, bu \u00f6nemli geli\u015fme \u00fczerine bir a\u00e7\u0131klama yaparak sporcuya veda etti.<\/p>\n<p><\/p>\n<p><h3>Do\u011fup B\u00fcy\u00fcd\u00fc\u011f\u00fc Topraklarda Bir Efsane<\/h3>\n<\/p>\n<p><\/p>\n<p>Bal\u0131kesir&#8217;de do\u011fan ve b\u00fcy\u00fcyen Yasemin Adar Yi\u011fit, 17 ya\u015f\u0131nda ba\u015flad\u0131\u011f\u0131 kariyerinde k\u0131sa s\u00fcrede dikkat \u00e7ekmeyi ba\u015fard\u0131. <strong>Kad\u0131nlar serbest stilde T\u00fcrkiye\u2019nin ilk D\u00fcnya G\u00fcre\u015f \u015eampiyonu<\/strong> olarak ad\u0131n\u0131 tarihe yazd\u0131ran sporcu, bu ba\u015far\u0131s\u0131yla sadece T\u00fcrkiye&#8217;yi de\u011fil, t\u00fcm d\u00fcnyay\u0131 etkiledi.<\/p>\n<p><\/p>\n<p><h3>Elde Edilen Ba\u015far\u0131lar<\/h3>\n<\/p>\n<p><\/p>\n<p>Yasemin Adar Yi\u011fit\u2019in g\u00fcre\u015f kariyeri boyunca elde etti\u011fi say\u0131s\u0131z ba\u015far\u0131 dikkat \u00e7ekiyor:<\/p>\n<p><\/p>\n<p><ul>  <\/p>\n<ul>\n<li>2 kez D\u00fcnya \u015eampiyonlu\u011fu<\/li>\n<p>  <\/p>\n<li>7 kez Avrupa \u015eampiyonlu\u011fu<\/li>\n<p>  <\/p>\n<li>2020 Tokyo Olimpiyatlar\u0131 Bronz Madalya<\/li>\n<p>  <\/p>\n<li>2 kez Akdeniz Oyunlar\u0131 \u015eampiyonlu\u011fu<\/li>\n<p>  <\/p>\n<li>Say\u0131s\u0131z yerel ve ulusal \u00e7apta ba\u015far\u0131lar<\/li>\n<\/ul>\n<p><\/ul>\n<\/p>\n<p><\/p>\n<p><h3>Rol Model ve \u0130lham Kayna\u011f\u0131<\/h3>\n<\/p>\n<p><\/p>\n<p>Ba\u015far\u0131l\u0131 sporcu, gen\u00e7 k\u0131zlara \u00f6rnek olman\u0131n yan\u0131 s\u0131ra bir\u00e7ok sporcuya rol model oldu. Kendisinin yeti\u015ftirdi\u011fi sporcularla g\u00fcre\u015fin geli\u015fmesine \u00f6nemli katk\u0131lar sa\u011flad\u0131. Ahmet Ak\u0131n, Yi\u011fit&#8217;in hem kul\u00fcb\u00fcne hem de T\u00fcrk kad\u0131n g\u00fcre\u015fine katt\u0131\u011f\u0131 de\u011ferlerin alt\u0131n\u0131 \u00e7izdi ve onun <strong>ilham verici bir fig\u00fcr<\/strong> oldu\u011funu vurgulad\u0131.<\/p>\n<p><\/p>\n<p><h3>Minderlere Veda Ama Miras\u0131 Devam Edecek<\/h3>\n<\/p>\n<p><\/p>\n<p>Yasemin Adar Yi\u011fit minderi b\u0131raksa da, spor d\u00fcnyas\u0131ndaki miras\u0131 ya\u015famaya devam edecek. Bal\u0131kesir B\u00fcy\u00fck\u015fehir Belediyesi Ba\u015fkan\u0131 Ahmet Ak\u0131n, sporcuya bug\u00fcne kadar yapt\u0131\u011f\u0131 katk\u0131lar i\u00e7in te\u015fekk\u00fcr ederek, onun bir <strong>ya\u015fayan efsane<\/strong> oldu\u011funu belirtti.<\/p><\/p>\n","protected":false},"excerpt":{"rendered":"<p>G\u00fcre\u015fteki Ba\u015far\u0131l\u0131 Kariyerine Veda Bal\u0131kesir, spor d\u00fcnyas\u0131nda \u00f6nemli bir fig\u00fcr\u00fc u\u011furluyor. T\u00fcrkiye ve d\u00fcnya \u00e7ap\u0131nda elde etti\u011fi ba\u015far\u0131larla tan\u0131nan g\u00fcre\u015f\u00e7i Yasemin Adar Yi\u011fit, minderi b\u0131rakarak yeni bir d\u00f6neme ad\u0131m att\u0131. Bal\u0131kesir B\u00fcy\u00fck\u015fehir Belediyesi Ba\u015fkan\u0131 Ahmet Ak\u0131n, bu \u00f6nemli geli\u015fme \u00fczerine&#8230;<\/p>\n","protected":false},"author":1,"featured_media":26008,"comment_status":"closed","ping_status":"closed","sticky":false,"template":"","format":"standard","meta":{"footnotes":""},"categories":[36],"tags":[],"class_list":["post-26007","post","type-post","status-publish","format-standard","has-post-thumbnail","hentry","category-manset"],"_links":{"self":[{"href":"http:\/\/gazetevizyon.com\/index.php?rest_route=\/wp\/v2\/posts\/26007","targetHints":{"allow":["GET"]}}],"collection":[{"href":"http:\/\/gazetevizyon.com\/index.php?rest_route=\/wp\/v2\/posts"}],"about":[{"href":"http:\/\/gazetevizyon.com\/index.php?rest_route=\/wp\/v2\/types\/post"}],"author":[{"embeddable":true,"href":"http:\/\/gazetevizyon.com\/index.php?rest_route=\/wp\/v2\/users\/1"}],"replies":[{"embeddable":true,"href":"http:\/\/gazetevizyon.com\/index.php?rest_route=%2Fwp%2Fv2%2Fcomments&post=26007"}],"version-history":[{"count":1,"href":"http:\/\/gazetevizyon.com\/index.php?rest_route=\/wp\/v2\/posts\/26007\/revisions"}],"predecessor-version":[{"id":26025,"href":"http:\/\/gazetevizyon.com\/index.php?rest_route=\/wp\/v2\/posts\/26007\/revisions\/26025"}],"wp:featuredmedia":[{"embeddable":true,"href":"http:\/\/gazetevizyon.com\/index.php?rest_route=\/wp\/v2\/media\/26008"}],"wp:attachment":[{"href":"http:\/\/gazetevizyon.com\/index.php?rest_route=%2Fwp%2Fv2%2Fmedia&parent=26007"}],"wp:term":[{"taxonomy":"category","embeddable":true,"href":"http:\/\/gazetevizyon.com\/index.php?rest_route=%2Fwp%2Fv2%2Fcategories&post=26007"},{"taxonomy":"post_tag","embeddable":true,"href":"http:\/\/gazetevizyon.com\/index.php?rest_route=%2Fwp%2Fv2%2Ftags&post=26007"}],"curies":[{"name":"wp","href":"https:\/\/api.w.org\/{rel}","templated":true}]}}