{"id":26219,"date":"2025-04-15T16:08:33","date_gmt":"2025-04-15T16:08:33","guid":{"rendered":"http:\/\/gazetevizyon.com\/?p=26219"},"modified":"2025-04-15T16:08:33","modified_gmt":"2025-04-15T16:08:33","slug":"chpden-iktidara-karsi-mucadele-vurgusu","status":"publish","type":"post","link":"http:\/\/gazetevizyon.com\/?p=26219","title":{"rendered":"CHP&#8217;den \u0130ktidara Kar\u015f\u0131 M\u00fccadele Vurgusu"},"content":{"rendered":"<p>\n<h2>TBMM Grup Toplant\u0131s\u0131&#8217;nda A\u00e7\u0131klamalar<\/h2>\n<\/p>\n<p><\/p>\n<p>Cumhuriyet Halk Partisi (CHP), TBMM Grup Toplant\u0131s\u0131\u2019nda Genel Ba\u015fkan \u00d6zg\u00fcr \u00d6zel\u2019in g\u00fcndeme dair de\u011ferlendirmelerini takip etti. Toplant\u0131da, <strong>\u00fclkedeki yoksulluk, adaletsizlik ve bask\u0131<\/strong> konular\u0131na dikkat \u00e7ekilirken, CHP&#8217;nin bu duruma kar\u015f\u0131 kararl\u0131l\u0131kla m\u00fccadele edece\u011fi vurguland\u0131.<\/p>\n<p><\/p>\n<p><h3>Yoksullu\u011fa Kar\u015f\u0131 Sava\u015f \u0130lan\u0131<\/h3>\n<\/p>\n<p><\/p>\n<p>CHP Genel Ba\u015fkan\u0131 \u00d6zg\u00fcr \u00d6zel\u2019in a\u00e7\u0131klamalar\u0131nda, \u00fclkedeki yoksulluk oran\u0131n\u0131n giderek artt\u0131\u011f\u0131na dikkat \u00e7ekildi. \u00d6zellikle <strong>asgari \u00fccretlilerin ve emeklilerin ya\u015fad\u0131\u011f\u0131 zorluklar<\/strong> \u00f6rneklerle anlat\u0131ld\u0131. CHP, bu konuda iktidar\u0131n politikalar\u0131n\u0131 ele\u015ftirirken, halk\u0131n ge\u00e7im s\u0131k\u0131nt\u0131s\u0131 \u00e7eken kesimleri i\u00e7in daha adil bir ekonomik d\u00fczenin sa\u011flanmas\u0131 gerekti\u011fini savundu. <\/p>\n<p><\/p>\n<p><h3>Adaletsizlik \u0130ddialar\u0131<\/h3>\n<\/p>\n<p><\/p>\n<p>Toplant\u0131da ayr\u0131ca adaletsizlik konusuna da de\u011finildi. \u00d6zellikle <strong>hukukun \u00fcst\u00fcnl\u00fc\u011f\u00fcn\u00fcn zedelendi\u011fi ve yarg\u0131 ba\u011f\u0131ms\u0131zl\u0131\u011f\u0131n\u0131n tehlikeye at\u0131ld\u0131\u011f\u0131<\/strong> iddialar\u0131 dile getirildi. CHP, bu t\u00fcr uygulamalar\u0131n demokrasi i\u00e7in b\u00fcy\u00fck bir tehdit olu\u015fturdu\u011funu belirterek, adil bir hukuk sisteminin yeniden tesis edilmesi i\u00e7in \u00e7al\u0131\u015faca\u011f\u0131n\u0131 ifade etti.<\/p>\n<p><\/p>\n<p><h3>Bask\u0131ya Kar\u015f\u0131 Direni\u015f<\/h3>\n<\/p>\n<p><\/p>\n<p>CHP, iktidar\u0131n uygulad\u0131\u011f\u0131 bask\u0131 politikalar\u0131na kar\u015f\u0131 da net bir duru\u015f sergiledi. <strong>\u0130fade \u00f6zg\u00fcrl\u00fc\u011f\u00fcn\u00fcn k\u0131s\u0131tland\u0131\u011f\u0131 ve muhalefetin susturmaya \u00e7al\u0131\u015f\u0131ld\u0131\u011f\u0131<\/strong> y\u00f6n\u00fcndeki iddialar toplant\u0131da \u00f6ne \u00e7\u0131kar\u0131ld\u0131. CHP, suskun kalmak yerine konu\u015fan, geri ad\u0131m atmak yerine m\u00fccadele eden bir siyaset izleyece\u011fini kararl\u0131l\u0131kla a\u00e7\u0131klad\u0131.<\/p>\n<p><\/p>\n<p><h3>CHP&#8217;nin Kararl\u0131l\u0131\u011f\u0131<\/h3>\n<\/p>\n<p><\/p>\n<p>Cumhuriyet Halk Partisi, \u00fclkeyi yoksullu\u011fa, adaletsizli\u011fe ve bask\u0131ya mahk\u00fbm eden bu iktidar\u0131n kar\u015f\u0131s\u0131nda susan de\u011fil konu\u015fan, geri ad\u0131m atan de\u011fil m\u00fccadele eden bir siyaseti kararl\u0131l\u0131kla s\u00fcrd\u00fcrece\u011fini vurgulad\u0131. CHP\u2019nin bu tutumu, \u00f6n\u00fcm\u00fczdeki d\u00f6nemde iktidarla daha sert bir muhalefet hatt\u0131 izleyece\u011finin sinyallerini veriyor.<\/p><\/p>\n","protected":false},"excerpt":{"rendered":"<p>TBMM Grup Toplant\u0131s\u0131&#8217;nda A\u00e7\u0131klamalar Cumhuriyet Halk Partisi (CHP), TBMM Grup Toplant\u0131s\u0131\u2019nda Genel Ba\u015fkan \u00d6zg\u00fcr \u00d6zel\u2019in g\u00fcndeme dair de\u011ferlendirmelerini takip etti. Toplant\u0131da, \u00fclkedeki yoksulluk, adaletsizlik ve bask\u0131 konular\u0131na dikkat \u00e7ekilirken, CHP&#8217;nin bu duruma kar\u015f\u0131 kararl\u0131l\u0131kla m\u00fccadele edece\u011fi vurguland\u0131. Yoksullu\u011fa Kar\u015f\u0131 Sava\u015f&#8230;<\/p>\n","protected":false},"author":1,"featured_media":26220,"comment_status":"closed","ping_status":"closed","sticky":false,"template":"","format":"standard","meta":{"footnotes":""},"categories":[23],"tags":[],"class_list":["post-26219","post","type-post","status-publish","format-standard","has-post-thumbnail","hentry","category-siyaset"],"_links":{"self":[{"href":"http:\/\/gazetevizyon.com\/index.php?rest_route=\/wp\/v2\/posts\/26219","targetHints":{"allow":["GET"]}}],"collection":[{"href":"http:\/\/gazetevizyon.com\/index.php?rest_route=\/wp\/v2\/posts"}],"about":[{"href":"http:\/\/gazetevizyon.com\/index.php?rest_route=\/wp\/v2\/types\/post"}],"author":[{"embeddable":true,"href":"http:\/\/gazetevizyon.com\/index.php?rest_route=\/wp\/v2\/users\/1"}],"replies":[{"embeddable":true,"href":"http:\/\/gazetevizyon.com\/index.php?rest_route=%2Fwp%2Fv2%2Fcomments&post=26219"}],"version-history":[{"count":1,"href":"http:\/\/gazetevizyon.com\/index.php?rest_route=\/wp\/v2\/posts\/26219\/revisions"}],"predecessor-version":[{"id":26248,"href":"http:\/\/gazetevizyon.com\/index.php?rest_route=\/wp\/v2\/posts\/26219\/revisions\/26248"}],"wp:featuredmedia":[{"embeddable":true,"href":"http:\/\/gazetevizyon.com\/index.php?rest_route=\/wp\/v2\/media\/26220"}],"wp:attachment":[{"href":"http:\/\/gazetevizyon.com\/index.php?rest_route=%2Fwp%2Fv2%2Fmedia&parent=26219"}],"wp:term":[{"taxonomy":"category","embeddable":true,"href":"http:\/\/gazetevizyon.com\/index.php?rest_route=%2Fwp%2Fv2%2Fcategories&post=26219"},{"taxonomy":"post_tag","embeddable":true,"href":"http:\/\/gazetevizyon.com\/index.php?rest_route=%2Fwp%2Fv2%2Ftags&post=26219"}],"curies":[{"name":"wp","href":"https:\/\/api.w.org\/{rel}","templated":true}]}}