{"id":26274,"date":"2025-04-15T22:07:43","date_gmt":"2025-04-15T22:07:43","guid":{"rendered":"http:\/\/gazetevizyon.com\/?p=26274"},"modified":"2025-04-15T22:07:43","modified_gmt":"2025-04-15T22:07:43","slug":"tbmmde-iklim-yasasi-teklifi-geri-cekildi","status":"publish","type":"post","link":"http:\/\/gazetevizyon.com\/?p=26274","title":{"rendered":"TBMM&#8217;de \u0130klim Yasas\u0131 Teklifi Geri \u00c7ekildi"},"content":{"rendered":"<p>\n<h2>\u0130klim Yasas\u0131 Teklifine Kar\u015f\u0131 Kararl\u0131 Duru\u015f<\/h2>\n<\/p>\n<p><\/p>\n<p>T\u00fcrkiye B\u00fcy\u00fck Millet Meclisi (TBMM) Genel Kurulu\u2019nda g\u00f6r\u00fc\u015f\u00fclmesi beklenen ve \u00e7e\u015fitli kesimler taraf\u0131ndan ele\u015ftirilen <strong>\u0130klim Yasas\u0131<\/strong> teklifi, kararl\u0131l\u0131k g\u00f6steren muhalefet sayesinde geri \u00e7ekildi. Eksiklikleri ve sermaye \u00f6ncelikli yakla\u015f\u0131m\u0131yla dikkat \u00e7eken bu teklif, geni\u015f bir tepki toplam\u0131\u015ft\u0131.<\/p>\n<p><\/p>\n<p><h3>Yurtta\u015flardan Gelen Tepkiler ve \u00c7evre \u00d6rg\u00fctlerinin Uyar\u0131lar\u0131<\/h3>\n<\/p>\n<p><\/p>\n<p>Teklif, \u00f6zellikle <strong>yurtta\u015flar\u0131m\u0131z\u0131n hakl\u0131 tepkisini<\/strong> \u00e7ekmi\u015fti. Ayr\u0131ca \u00e7evre \u00f6rg\u00fctleri de yasan\u0131n i\u00e7eri\u011finde do\u011fay\u0131 yeterince koruyamad\u0131\u011f\u0131na dair \u00f6nemli uyar\u0131lar yapm\u0131\u015flard\u0131. Bu tepkiler ve muhalefetin kararl\u0131 tutumu neticesinde teklif geri ad\u0131m att\u0131r\u0131ld\u0131. <\/p>\n<p><\/p>\n<p><h3>Teklifin \u0130\u00e7eri\u011fi Hakk\u0131nda Bilgiler<\/h3>\n<\/p>\n<p><\/p>\n<p>G\u00fcndeme gelen ilk taslakta, iklim de\u011fi\u015fikli\u011fiyle m\u00fccadele hedeflerinin yeterli olmad\u0131\u011f\u0131 ve yasan\u0131n a\u011f\u0131rl\u0131kl\u0131 olarak sermaye \u00e7\u0131karlar\u0131n\u0131 g\u00f6zetiyor oldu\u011fu y\u00f6n\u00fcnde ele\u015ftiriler vard\u0131. \u00d6zellikle <strong>sermaye \u00f6ncelikli yakla\u015f\u0131m<\/strong>, \u00e7evrecilerin ve hak savunucular\u0131n\u0131n tepkisini \u00e7ekmi\u015fti.<\/p>\n<p><\/p>\n<p><h3>M\u00fccadeleye Devam<\/h3>\n<\/p>\n<p><\/p>\n<p>Bu geri ad\u0131m, iklim de\u011fi\u015fikli\u011fiyle m\u00fccadeledeki s\u00fcrecin sonu de\u011fil, yeni bir ba\u015flang\u0131\u00e7t\u0131r. \u015eimdi komisyon a\u015famas\u0131nda daha adil, ger\u00e7ek\u00e7i ve do\u011fay\u0131 ger\u00e7ekten koruyan bir \u0130klim Yasas\u0131 i\u00e7in \u00e7al\u0131\u015fmalar yo\u011funla\u015ft\u0131r\u0131lacak. Muhalefet, bu s\u00fcre\u00e7te de kararl\u0131l\u0131kla m\u00fccadeleye devam edecek.<\/p>\n<p><\/p>\n<p><ul>    <\/p>\n<ul>\n<li>Komisyon s\u00fcrecinde yasan\u0131n eksikliklerinin giderilmesi hedefleniyor.<\/li>\n<p>    <\/p>\n<li>Daha adil ve ger\u00e7ek\u00e7i bir \u0130klim Yasas\u0131 i\u00e7in \u00e7al\u0131\u015fmalar y\u00fcr\u00fct\u00fclecek.<\/li>\n<p>    <\/p>\n<li>Do\u011fay\u0131 koruyan bir mevzuat olu\u015fturulmas\u0131 \u00f6ncelikli ama\u00e7t\u0131r.<\/li>\n<\/ul>\n<p><\/ul>\n<\/p>\n<p><\/p>\n<p><strong>Bu \u00f6nemli ad\u0131m, iklim de\u011fi\u015fikli\u011fiyle m\u00fccadelede daha g\u00fc\u00e7l\u00fc sonu\u00e7lar elde etmek i\u00e7in at\u0131lan kritik bir hamle olarak de\u011ferlendiriliyor.<\/strong><\/p><\/p>\n","protected":false},"excerpt":{"rendered":"<p>\u0130klim Yasas\u0131 Teklifine Kar\u015f\u0131 Kararl\u0131 Duru\u015f T\u00fcrkiye B\u00fcy\u00fck Millet Meclisi (TBMM) Genel Kurulu\u2019nda g\u00f6r\u00fc\u015f\u00fclmesi beklenen ve \u00e7e\u015fitli kesimler taraf\u0131ndan ele\u015ftirilen \u0130klim Yasas\u0131 teklifi, kararl\u0131l\u0131k g\u00f6steren muhalefet sayesinde geri \u00e7ekildi. Eksiklikleri ve sermaye \u00f6ncelikli yakla\u015f\u0131m\u0131yla dikkat \u00e7eken bu teklif, geni\u015f bir&#8230;<\/p>\n","protected":false},"author":1,"featured_media":26275,"comment_status":"closed","ping_status":"closed","sticky":false,"template":"","format":"standard","meta":{"footnotes":""},"categories":[23],"tags":[],"class_list":["post-26274","post","type-post","status-publish","format-standard","has-post-thumbnail","hentry","category-siyaset"],"_links":{"self":[{"href":"http:\/\/gazetevizyon.com\/index.php?rest_route=\/wp\/v2\/posts\/26274","targetHints":{"allow":["GET"]}}],"collection":[{"href":"http:\/\/gazetevizyon.com\/index.php?rest_route=\/wp\/v2\/posts"}],"about":[{"href":"http:\/\/gazetevizyon.com\/index.php?rest_route=\/wp\/v2\/types\/post"}],"author":[{"embeddable":true,"href":"http:\/\/gazetevizyon.com\/index.php?rest_route=\/wp\/v2\/users\/1"}],"replies":[{"embeddable":true,"href":"http:\/\/gazetevizyon.com\/index.php?rest_route=%2Fwp%2Fv2%2Fcomments&post=26274"}],"version-history":[{"count":1,"href":"http:\/\/gazetevizyon.com\/index.php?rest_route=\/wp\/v2\/posts\/26274\/revisions"}],"predecessor-version":[{"id":26292,"href":"http:\/\/gazetevizyon.com\/index.php?rest_route=\/wp\/v2\/posts\/26274\/revisions\/26292"}],"wp:featuredmedia":[{"embeddable":true,"href":"http:\/\/gazetevizyon.com\/index.php?rest_route=\/wp\/v2\/media\/26275"}],"wp:attachment":[{"href":"http:\/\/gazetevizyon.com\/index.php?rest_route=%2Fwp%2Fv2%2Fmedia&parent=26274"}],"wp:term":[{"taxonomy":"category","embeddable":true,"href":"http:\/\/gazetevizyon.com\/index.php?rest_route=%2Fwp%2Fv2%2Fcategories&post=26274"},{"taxonomy":"post_tag","embeddable":true,"href":"http:\/\/gazetevizyon.com\/index.php?rest_route=%2Fwp%2Fv2%2Ftags&post=26274"}],"curies":[{"name":"wp","href":"https:\/\/api.w.org\/{rel}","templated":true}]}}