{"id":26343,"date":"2025-04-16T16:10:42","date_gmt":"2025-04-16T16:10:42","guid":{"rendered":"http:\/\/gazetevizyon.com\/?p=26343"},"modified":"2025-04-16T16:10:42","modified_gmt":"2025-04-16T16:10:42","slug":"bandirmada-egitim-guvenlik-ve-sosyal-butunlesme-degerlendirildi","status":"publish","type":"post","link":"http:\/\/gazetevizyon.com\/?p=26343","title":{"rendered":"Band\u0131rma&#8217;da E\u011fitim, G\u00fcvenlik ve Sosyal B\u00fct\u00fcnle\u015fme De\u011ferlendirildi"},"content":{"rendered":"<p>\n<h2>Band\u0131rma Koordinasyon Kurulu Toplant\u0131s\u0131 Ger\u00e7ekle\u015ftirildi<\/h2>\n<\/p>\n<p><\/p>\n<p><strong>Band\u0131rma \u0130l\u00e7e Milli E\u011fitim M\u00fcd\u00fcrl\u00fc\u011f\u00fc<\/strong> ev sahipli\u011finde ger\u00e7ekle\u015ftirilen 2025 Y\u0131l\u0131 1. Koordinasyon Kurulu toplant\u0131s\u0131, il\u00e7e genelindeki e\u011fitim, g\u00fcvenlik ve sosyal b\u00fct\u00fcnle\u015fme konular\u0131n\u0131 masaya yat\u0131rd\u0131. Band\u0131rma Cumhuriyet Ba\u015fsavc\u0131s\u0131 C\u00fcneyt Demirda\u015f&#8217;\u0131n \u00f6nc\u00fcl\u00fck etti\u011fi toplant\u0131ya \u00e7e\u015fitli kurum temsilcileri kat\u0131ld\u0131.<\/p>\n<p><\/p>\n<p><h3>E\u011fitim Alan\u0131nda \u0130\u015fbirli\u011fi Vurgusu<\/h3>\n<\/p>\n<p><\/p>\n<p>Toplant\u0131da, il\u00e7e e\u011fitiminin geli\u015ftirilmesi ad\u0131na yap\u0131labilecek \u00e7al\u0131\u015fmalar ve projeler de\u011ferlendirildi. \u00d6zellikle \u00f6\u011frencilerin akademik ba\u015far\u0131s\u0131n\u0131 art\u0131rmaya y\u00f6nelik stratejiler \u00fczerinde durulurken, \u00f6\u011fretmenlerin mesleki geli\u015fimine katk\u0131 sa\u011flayacak e\u011fitim programlar\u0131n\u0131n \u00f6nemi vurguland\u0131. <strong>Milli E\u011fitim M\u00fcd\u00fcrl\u00fc\u011f\u00fc<\/strong> yetkilileri, toplant\u0131da payla\u015f\u0131lan g\u00f6r\u00fc\u015flerin il\u00e7e genelindeki e\u011fitim politikalar\u0131n\u0131n belirlenmesinde \u00f6nemli rol oynayaca\u011f\u0131n\u0131 belirtti.<\/p>\n<p><\/p>\n<p><h3>G\u00fcvenlik \u00d6nlemleri Masaya Yat\u0131r\u0131ld\u0131<\/h3>\n<\/p>\n<p><\/p>\n<p>\u00d6\u011frenci g\u00fcvenli\u011finin sa\u011flanmas\u0131 amac\u0131yla okullarda al\u0131nabilecek \u00f6nlemler de toplant\u0131n\u0131n \u00f6nemli g\u00fcndem maddelerinden biriydi. Okul \u00e7evrelerindeki g\u00fcvenlik zafiyetlerinin giderilmesi, \u00f6\u011frencilerin trafik bilincinin art\u0131r\u0131lmas\u0131 ve siber zorbal\u0131kla m\u00fccadele gibi konular ele al\u0131nd\u0131. \u0130l\u00e7e Emniyet M\u00fcd\u00fcrl\u00fc\u011f\u00fc temsilcileri, okullarda d\u00fczenli olarak g\u00fcvenlik denetimleri yapacaklar\u0131n\u0131 ve gerekli \u00f6nleyici tedbirleri alacaklar\u0131n\u0131 ifade etti.<\/p>\n<p><\/p>\n<p><h3>Sosyal B\u00fct\u00fcnle\u015fme \u00c7al\u0131\u015fmalar\u0131 Tart\u0131\u015f\u0131ld\u0131<\/h3>\n<\/p>\n<p><\/p>\n<p>Toplant\u0131da il\u00e7e genelindeki sosyal uyumun g\u00fc\u00e7lendirilmesi i\u00e7in yap\u0131labilecek \u00e7al\u0131\u015fmalar da tart\u0131\u015f\u0131ld\u0131. \u00d6zellikle dezavantajl\u0131 gruplar\u0131n topluma entegrasyonu, farkl\u0131 k\u00fclt\u00fcrlerin bir arada ya\u015famas\u0131n\u0131 sa\u011flayacak projelerin geli\u015ftirilmesi ve gen\u00e7lerin sosyal sorumluluk bilincinin art\u0131r\u0131lmas\u0131 konular\u0131nda fikir al\u0131\u015fveri\u015finde bulunuldu. <strong>Yerel y\u00f6netimler<\/strong>, bu konuda sivil toplum kurulu\u015flar\u0131yla i\u015fbirli\u011fi yaparak \u00e7e\u015fitli etkinlikler d\u00fczenlemeyi planlad\u0131klar\u0131n\u0131 a\u00e7\u0131klad\u0131.<\/p>\n<p><\/p>\n<p>Toplant\u0131n\u0131n sonunda, il\u00e7e geli\u015fimi i\u00e7in y\u00fcr\u00fct\u00fclen her \u00e7al\u0131\u015fmada i\u015f birli\u011finin \u00f6nemine dikkat \u00e7ekilerek, katk\u0131da bulunan t\u00fcm kurum temsilcilerine te\u015fekk\u00fcr edildi.<\/p><\/p>\n","protected":false},"excerpt":{"rendered":"<p>Band\u0131rma Koordinasyon Kurulu Toplant\u0131s\u0131 Ger\u00e7ekle\u015ftirildi Band\u0131rma \u0130l\u00e7e Milli E\u011fitim M\u00fcd\u00fcrl\u00fc\u011f\u00fc ev sahipli\u011finde ger\u00e7ekle\u015ftirilen 2025 Y\u0131l\u0131 1. Koordinasyon Kurulu toplant\u0131s\u0131, il\u00e7e genelindeki e\u011fitim, g\u00fcvenlik ve sosyal b\u00fct\u00fcnle\u015fme konular\u0131n\u0131 masaya yat\u0131rd\u0131. Band\u0131rma Cumhuriyet Ba\u015fsavc\u0131s\u0131 C\u00fcneyt Demirda\u015f&#8217;\u0131n \u00f6nc\u00fcl\u00fck etti\u011fi toplant\u0131ya \u00e7e\u015fitli kurum temsilcileri&#8230;<\/p>\n","protected":false},"author":1,"featured_media":26344,"comment_status":"closed","ping_status":"closed","sticky":false,"template":"","format":"standard","meta":{"footnotes":""},"categories":[36],"tags":[],"class_list":["post-26343","post","type-post","status-publish","format-standard","has-post-thumbnail","hentry","category-manset"],"_links":{"self":[{"href":"http:\/\/gazetevizyon.com\/index.php?rest_route=\/wp\/v2\/posts\/26343","targetHints":{"allow":["GET"]}}],"collection":[{"href":"http:\/\/gazetevizyon.com\/index.php?rest_route=\/wp\/v2\/posts"}],"about":[{"href":"http:\/\/gazetevizyon.com\/index.php?rest_route=\/wp\/v2\/types\/post"}],"author":[{"embeddable":true,"href":"http:\/\/gazetevizyon.com\/index.php?rest_route=\/wp\/v2\/users\/1"}],"replies":[{"embeddable":true,"href":"http:\/\/gazetevizyon.com\/index.php?rest_route=%2Fwp%2Fv2%2Fcomments&post=26343"}],"version-history":[{"count":1,"href":"http:\/\/gazetevizyon.com\/index.php?rest_route=\/wp\/v2\/posts\/26343\/revisions"}],"predecessor-version":[{"id":26356,"href":"http:\/\/gazetevizyon.com\/index.php?rest_route=\/wp\/v2\/posts\/26343\/revisions\/26356"}],"wp:featuredmedia":[{"embeddable":true,"href":"http:\/\/gazetevizyon.com\/index.php?rest_route=\/wp\/v2\/media\/26344"}],"wp:attachment":[{"href":"http:\/\/gazetevizyon.com\/index.php?rest_route=%2Fwp%2Fv2%2Fmedia&parent=26343"}],"wp:term":[{"taxonomy":"category","embeddable":true,"href":"http:\/\/gazetevizyon.com\/index.php?rest_route=%2Fwp%2Fv2%2Fcategories&post=26343"},{"taxonomy":"post_tag","embeddable":true,"href":"http:\/\/gazetevizyon.com\/index.php?rest_route=%2Fwp%2Fv2%2Ftags&post=26343"}],"curies":[{"name":"wp","href":"https:\/\/api.w.org\/{rel}","templated":true}]}}