{"id":26594,"date":"2025-04-18T22:09:03","date_gmt":"2025-04-18T22:09:03","guid":{"rendered":"http:\/\/gazetevizyon.com\/?p=26594"},"modified":"2025-04-18T22:09:03","modified_gmt":"2025-04-18T22:09:03","slug":"yozgatta-secim-heyecani-yarin-milletin-sesi-yukseltilecek","status":"publish","type":"post","link":"http:\/\/gazetevizyon.com\/?p=26594","title":{"rendered":"Yozgat&#8217;ta Se\u00e7im Heyecan\u0131: Yar\u0131n Milletin Sesi Y\u00fckseltilecek"},"content":{"rendered":"<p>\n<h2>Yozgat&#8217;ta Mitin\u011f Haz\u0131rl\u0131klar\u0131 Tamamland\u0131<\/h2>\n<\/p>\n<p><\/p>\n<p><strong>Yar\u0131n<\/strong>, Yozgat Cumhuriyet Meydan\u0131\u2019nda ger\u00e7ekle\u015fecek miting ile millet iradesinin sesi y\u00fckseltilecek. 19 Nisan Cumartesi g\u00fcn\u00fc saat 14:00\u2019de ba\u015flayacak olan miting, se\u00e7im \u00e7al\u0131\u015fmalar\u0131nda \u00f6nemli bir d\u00f6n\u00fcm noktas\u0131 olarak g\u00f6r\u00fcl\u00fcyor. Etkinlikte Serkan Sar\u0131&#8217;n\u0131n adayl\u0131\u011f\u0131 i\u00e7in destek toplanacak ve Yozgat halk\u0131yla bulu\u015fulacakt\u0131r.<\/p>\n<p><\/p>\n<p><h3>Meydanlar Aday \u0130\u00e7in Birlik Olma Noktas\u0131<\/h3>\n<\/p>\n<p><\/p>\n<p>Aday\u0131n temsilcileri, mitingin \u00f6nemine vurgu yaparak, sand\u0131k \u00f6n\u00fcnde <strong>kararl\u0131l\u0131k<\/strong> g\u00f6stermeye devam edeceklerini belirtiyor. &#8220;Bitti demeden bitmeyecek&#8221; slogan\u0131yla se\u00e7im \u00e7al\u0131\u015fmalar\u0131n\u0131 s\u00fcrd\u00fcren ekip, meydanlar\u0131n demokrasinin sesi olaca\u011f\u0131n\u0131 ifade ediyor.<\/p>\n<p><\/p>\n<p><h3>Cumhuriyet Meydan\u0131&#8217;nda Bulu\u015fma<\/h3>\n<\/p>\n<p><\/p>\n<p>Yozgat Cumhuriyet Meydan\u0131\u2019ndaki mitingde, vatanda\u015flara hitap verilecek ve projeler hakk\u0131nda bilgi payla\u015f\u0131lacak. Etkinlikte ayr\u0131ca, Yozgat&#8217;\u0131n gelece\u011fine y\u00f6nelik hedefler de dile getirilecek. Mitingin organizasyonu tamamland\u0131 ve t\u00fcm halk\u0131n kat\u0131l\u0131m\u0131yla co\u015fkulu bir atmosfer yarat\u0131lmas\u0131 ama\u00e7lan\u0131yor.<\/p>\n<p><\/p>\n<p><ul>  <\/p>\n<ul>\n<li><strong>Tarih:<\/strong> 19 Nisan Cumartesi<\/li>\n<p>  <\/p>\n<li><strong>Saat:<\/strong> 14:00<\/li>\n<p>  <\/p>\n<li><strong>Yer:<\/strong> Yozgat Cumhuriyet Meydan\u0131<\/li>\n<\/ul>\n<p><\/ul>\n<\/p>\n<p><\/p>\n<p>Mitingde, Serkan Sar\u0131&#8217;n\u0131n se\u00e7im vaatleri ve Yozgat i\u00e7in yapacaklar\u0131 yat\u0131r\u0131mlar detayl\u0131 bir \u015fekilde anlat\u0131lacak. Vatanda\u015flar, bu miting ile aday\u0131n vizyonunu daha yak\u0131ndan tan\u0131ma f\u0131rsat\u0131 bulacaklard\u0131r. Bu etkinlik, Yozgat halk\u0131n\u0131n siyasi iradesini g\u00f6stermesi a\u00e7\u0131s\u0131ndan da b\u00fcy\u00fck \u00f6nem ta\u015f\u0131yor.<\/p><\/p>\n","protected":false},"excerpt":{"rendered":"<p>Yozgat&#8217;ta Mitin\u011f Haz\u0131rl\u0131klar\u0131 Tamamland\u0131 Yar\u0131n, Yozgat Cumhuriyet Meydan\u0131\u2019nda ger\u00e7ekle\u015fecek miting ile millet iradesinin sesi y\u00fckseltilecek. 19 Nisan Cumartesi g\u00fcn\u00fc saat 14:00\u2019de ba\u015flayacak olan miting, se\u00e7im \u00e7al\u0131\u015fmalar\u0131nda \u00f6nemli bir d\u00f6n\u00fcm noktas\u0131 olarak g\u00f6r\u00fcl\u00fcyor. Etkinlikte Serkan Sar\u0131&#8217;n\u0131n adayl\u0131\u011f\u0131 i\u00e7in destek toplanacak ve&#8230;<\/p>\n","protected":false},"author":1,"featured_media":26595,"comment_status":"closed","ping_status":"closed","sticky":false,"template":"","format":"standard","meta":{"footnotes":""},"categories":[23],"tags":[],"class_list":["post-26594","post","type-post","status-publish","format-standard","has-post-thumbnail","hentry","category-siyaset"],"_links":{"self":[{"href":"http:\/\/gazetevizyon.com\/index.php?rest_route=\/wp\/v2\/posts\/26594","targetHints":{"allow":["GET"]}}],"collection":[{"href":"http:\/\/gazetevizyon.com\/index.php?rest_route=\/wp\/v2\/posts"}],"about":[{"href":"http:\/\/gazetevizyon.com\/index.php?rest_route=\/wp\/v2\/types\/post"}],"author":[{"embeddable":true,"href":"http:\/\/gazetevizyon.com\/index.php?rest_route=\/wp\/v2\/users\/1"}],"replies":[{"embeddable":true,"href":"http:\/\/gazetevizyon.com\/index.php?rest_route=%2Fwp%2Fv2%2Fcomments&post=26594"}],"version-history":[{"count":1,"href":"http:\/\/gazetevizyon.com\/index.php?rest_route=\/wp\/v2\/posts\/26594\/revisions"}],"predecessor-version":[{"id":26606,"href":"http:\/\/gazetevizyon.com\/index.php?rest_route=\/wp\/v2\/posts\/26594\/revisions\/26606"}],"wp:featuredmedia":[{"embeddable":true,"href":"http:\/\/gazetevizyon.com\/index.php?rest_route=\/wp\/v2\/media\/26595"}],"wp:attachment":[{"href":"http:\/\/gazetevizyon.com\/index.php?rest_route=%2Fwp%2Fv2%2Fmedia&parent=26594"}],"wp:term":[{"taxonomy":"category","embeddable":true,"href":"http:\/\/gazetevizyon.com\/index.php?rest_route=%2Fwp%2Fv2%2Fcategories&post=26594"},{"taxonomy":"post_tag","embeddable":true,"href":"http:\/\/gazetevizyon.com\/index.php?rest_route=%2Fwp%2Fv2%2Ftags&post=26594"}],"curies":[{"name":"wp","href":"https:\/\/api.w.org\/{rel}","templated":true}]}}