{"id":26641,"date":"2025-04-19T19:10:57","date_gmt":"2025-04-19T19:10:57","guid":{"rendered":"http:\/\/gazetevizyon.com\/?p=26641"},"modified":"2025-04-19T19:10:57","modified_gmt":"2025-04-19T19:10:57","slug":"altieylul-kesirvende-vatandas-bulusmasi","status":"publish","type":"post","link":"http:\/\/gazetevizyon.com\/?p=26641","title":{"rendered":"Alt\u0131eyl\u00fcl Kesirven&#8217;de Vatanda\u015f Bulu\u015fmas\u0131"},"content":{"rendered":"<p>\n<h2>Kesirven&#8217;de Samimi Bir Ziyaret<\/h2>\n<\/p>\n<p><\/p>\n<p><strong>Alt\u0131eyl\u00fcl<\/strong> il\u00e7esine ba\u011fl\u0131 Kesirven Mahallesi\u2019nde ger\u00e7ekle\u015ftirilen ziyaret, s\u0131cak bir atmosferde ge\u00e7ti. Ziyarette mahalle sakinleriyle bir araya gelindi, selamla\u015fmalar yap\u0131ld\u0131 ve keyifli sohbetler edildi. Vatanda\u015flarla \u00e7ay i\u00e7ilerek, onlar\u0131n g\u00f6r\u00fc\u015fleri dinlendi ve dualar\u0131 al\u0131nd\u0131.<\/p>\n<p><\/p>\n<p><h3>Mahalle Muhtar\u0131na Te\u015fekk\u00fcr<\/h3>\n<\/p>\n<p><\/p>\n<p>Ziyaretin ard\u0131ndan yap\u0131lan a\u00e7\u0131klamada, Kesirven Mahallesi Muhtar\u0131 Mehmet Ats\u0131z&#8217;a ve t\u00fcm mahalle sakinlerine te\u015fekk\u00fcr edildi. \u00d6zellikle vatanda\u015flar\u0131n g\u00fcler y\u00fczl\u00fcl\u00fc\u011f\u00fc, misafirperverli\u011fi ve i\u00e7ten muhabbetleri vurguland\u0131. <\/p>\n<p><\/p>\n<p><h3>Milletle Birlikte Y\u00fcr\u00fcme Vurgusu<\/h3>\n<\/p>\n<p><\/p>\n<p>Ziyarette konu\u015fan Canbey, &#8220;Bizim yolumuz milletin yolu, g\u00fcc\u00fcm\u00fcz hem\u015fehrilerimizin duas\u0131d\u0131r&#8221; ifadelerini kullanarak, halkla i\u00e7 i\u00e7e olmaya devam edeceklerini belirtti. Bu t\u00fcr ziyaretlerin, sorunlar\u0131 do\u011frudan dinleme ve \u00e7\u00f6z\u00fcm \u00fcretme konusunda \u00f6nemli bir f\u0131rsat sundu\u011fu ifade edildi.<\/p>\n<p><\/p>\n<p><ul>  <\/p>\n<ul>\n<li>Ziyarette mahalle sakinleriyle birebir g\u00f6r\u00fc\u015fmeler yap\u0131ld\u0131.<\/li>\n<p>  <\/p>\n<li>Vatanda\u015flar\u0131n talepleri not al\u0131nd\u0131.<\/li>\n<p>  <\/p>\n<li>Mahalle muhtar\u0131yla i\u015fbirli\u011fi i\u00e7inde \u00e7al\u0131\u015fmalar\u0131n s\u00fcrd\u00fcr\u00fclece\u011fi belirtildi.<\/li>\n<\/ul>\n<p><\/ul>\n<\/p>\n<p><\/p>\n<p>Bu ziyaret, siyasi temsilcilerin ve yerel y\u00f6neticilerin vatanda\u015flarla do\u011frudan temas kurarak onlar\u0131n sorunlar\u0131n\u0131 anlamalar\u0131na ve \u00e7\u00f6z\u00fcm odakl\u0131 yakla\u015f\u0131mlar geli\u015ftirmelerine olanak tan\u0131yor. Kesirven Mahallesi sakinleri de bu t\u00fcr ziyaretlerden duyduklar\u0131 memnuniyeti dile getirdiler.<\/p><\/p>\n","protected":false},"excerpt":{"rendered":"<p>Kesirven&#8217;de Samimi Bir Ziyaret Alt\u0131eyl\u00fcl il\u00e7esine ba\u011fl\u0131 Kesirven Mahallesi\u2019nde ger\u00e7ekle\u015ftirilen ziyaret, s\u0131cak bir atmosferde ge\u00e7ti. Ziyarette mahalle sakinleriyle bir araya gelindi, selamla\u015fmalar yap\u0131ld\u0131 ve keyifli sohbetler edildi. Vatanda\u015flarla \u00e7ay i\u00e7ilerek, onlar\u0131n g\u00f6r\u00fc\u015fleri dinlendi ve dualar\u0131 al\u0131nd\u0131. Mahalle Muhtar\u0131na Te\u015fekk\u00fcr Ziyaretin&#8230;<\/p>\n","protected":false},"author":1,"featured_media":26642,"comment_status":"closed","ping_status":"closed","sticky":false,"template":"","format":"standard","meta":{"footnotes":""},"categories":[23],"tags":[],"class_list":["post-26641","post","type-post","status-publish","format-standard","has-post-thumbnail","hentry","category-siyaset"],"_links":{"self":[{"href":"http:\/\/gazetevizyon.com\/index.php?rest_route=\/wp\/v2\/posts\/26641","targetHints":{"allow":["GET"]}}],"collection":[{"href":"http:\/\/gazetevizyon.com\/index.php?rest_route=\/wp\/v2\/posts"}],"about":[{"href":"http:\/\/gazetevizyon.com\/index.php?rest_route=\/wp\/v2\/types\/post"}],"author":[{"embeddable":true,"href":"http:\/\/gazetevizyon.com\/index.php?rest_route=\/wp\/v2\/users\/1"}],"replies":[{"embeddable":true,"href":"http:\/\/gazetevizyon.com\/index.php?rest_route=%2Fwp%2Fv2%2Fcomments&post=26641"}],"version-history":[{"count":1,"href":"http:\/\/gazetevizyon.com\/index.php?rest_route=\/wp\/v2\/posts\/26641\/revisions"}],"predecessor-version":[{"id":26654,"href":"http:\/\/gazetevizyon.com\/index.php?rest_route=\/wp\/v2\/posts\/26641\/revisions\/26654"}],"wp:featuredmedia":[{"embeddable":true,"href":"http:\/\/gazetevizyon.com\/index.php?rest_route=\/wp\/v2\/media\/26642"}],"wp:attachment":[{"href":"http:\/\/gazetevizyon.com\/index.php?rest_route=%2Fwp%2Fv2%2Fmedia&parent=26641"}],"wp:term":[{"taxonomy":"category","embeddable":true,"href":"http:\/\/gazetevizyon.com\/index.php?rest_route=%2Fwp%2Fv2%2Fcategories&post=26641"},{"taxonomy":"post_tag","embeddable":true,"href":"http:\/\/gazetevizyon.com\/index.php?rest_route=%2Fwp%2Fv2%2Ftags&post=26641"}],"curies":[{"name":"wp","href":"https:\/\/api.w.org\/{rel}","templated":true}]}}