{"id":26689,"date":"2025-04-20T16:12:05","date_gmt":"2025-04-20T16:12:05","guid":{"rendered":"http:\/\/gazetevizyon.com\/?p=26689"},"modified":"2025-04-20T16:12:05","modified_gmt":"2025-04-20T16:12:05","slug":"ivrindide-gokceler-koy-hayrini-yogun-ilgi-gordu","status":"publish","type":"post","link":"http:\/\/gazetevizyon.com\/?p=26689","title":{"rendered":"\u0130vrindi&#8217;de G\u00f6k\u00e7eler K\u00f6y Hayr\u0131n\u0131 Yo\u011fun \u0130lgi G\u00f6rd\u00fc"},"content":{"rendered":"<p>\n<h2>\u0130vrindi&#8217;de Geleneksel K\u00f6y Hayr\u0131 D\u00fczenlendi<\/h2>\n<\/p>\n<p><\/p>\n<p><strong>Bal\u0131kesir<\/strong>\u2019in \u0130vrindi il\u00e7esine ba\u011fl\u0131 G\u00f6k\u00e7eler mahallesinde d\u00fczenlenen k\u00f6y hayr\u0131, yo\u011fun bir kat\u0131l\u0131mla ger\u00e7ekle\u015fti. Etkinli\u011fe \u00e7ok say\u0131da vatanda\u015f kat\u0131larak hem\u015fehrileriyle ayn\u0131 sofrada bulu\u015ftu. G\u00f6k\u00e7eler K\u00f6y Hayr\u0131nda, y\u00f6resel lezzetler ikram edildi ve geleneksel dayan\u0131\u015fma \u00f6rne\u011fi sergilendi.<\/p>\n<p><\/p>\n<p><h3>G\u00f6k\u00e7eler&#8217;de Dayan\u0131\u015fma Vurgusu<\/h3>\n<\/p>\n<p><\/p>\n<p>K\u00f6y hayr\u0131, \u00f6zellikle k\u0131rsal b\u00f6lgelerde y\u00fczy\u0131llard\u0131r s\u00fcregelen bir k\u00fclt\u00fcrd\u00fcr. Bu etkinlikler, k\u00f6yl\u00fclerin birbirleriyle olan ba\u011flar\u0131n\u0131 g\u00fc\u00e7lendirmeyi ve sosyal yard\u0131mla\u015fmay\u0131 te\u015fvik etmeyi ama\u00e7lar. G\u00f6k\u00e7eler\u2019deki hay\u0131r da bu gelene\u011fi ya\u015fatarak, mahalle sakinlerinin birlik ve beraberlik i\u00e7inde oldu\u011funu g\u00f6sterdi. <\/p>\n<p><\/p>\n<p><h3>Misafirperverlik \u00d6n Planda<\/h3>\n<\/p>\n<p><\/p>\n<p>Etkinli\u011fe kat\u0131lan vatanda\u015flar, G\u00f6k\u00e7eler halk\u0131n\u0131n misafirperverli\u011fi ve samimiyeti kar\u015f\u0131s\u0131nda memnuniyetlerini dile getirdiler. K\u00f6y meydan\u0131nda kurulan sofralar etraf\u0131nda toplanan insanlar, sohbet ederek hasbihal etti. <strong>Yerel lezzetlerin<\/strong> tad\u0131na bakan konuklar, G\u00f6k\u00e7eler\u2019in y\u00f6resel zenginli\u011fini yak\u0131ndan tan\u0131ma f\u0131rsat\u0131 buldu.<\/p>\n<p><\/p>\n<p><h3>Birlik ve Beraberlik Mesaj\u0131<\/h3>\n<\/p>\n<p><\/p>\n<p>K\u00f6y hayr\u0131 organizat\u00f6rleri, etkinli\u011fin amac\u0131n\u0131n toplumsal dayan\u0131\u015fmay\u0131 g\u00fc\u00e7lendirmek oldu\u011funu vurgulad\u0131lar. Hayr\u0131n sonunda yap\u0131lan dualarda birlik, beraberlik ve karde\u015flik temalar\u0131 \u00f6ne \u00e7\u0131kar\u0131ld\u0131. Etkinli\u011fe kat\u0131lanlar, bu t\u00fcr geleneksel etkinliklerin devam etmesinin \u00f6nemine dikkat \u00e7ektiler.<\/p>\n<p><\/p>\n<p><ul>  <\/p>\n<ul>\n<li>K\u00f6y hayr\u0131 etkinli\u011fi, G\u00f6k\u00e7eler mahallesinde yo\u011fun bir kat\u0131l\u0131mla ger\u00e7ekle\u015fti.<\/li>\n<p>  <\/p>\n<li>Etkinlikte y\u00f6resel lezzetler ikram edildi ve sosyal yard\u0131mla\u015fma \u00f6rne\u011fi sergilendi.<\/li>\n<p>  <\/p>\n<li>Vatanda\u015flar, G\u00f6k\u00e7eler halk\u0131n\u0131n misafirperverli\u011finden \u00f6vg\u00fcyle bahsetti.<\/li>\n<\/ul>\n<p><\/ul><\/p>\n","protected":false},"excerpt":{"rendered":"<p>\u0130vrindi&#8217;de Geleneksel K\u00f6y Hayr\u0131 D\u00fczenlendi Bal\u0131kesir\u2019in \u0130vrindi il\u00e7esine ba\u011fl\u0131 G\u00f6k\u00e7eler mahallesinde d\u00fczenlenen k\u00f6y hayr\u0131, yo\u011fun bir kat\u0131l\u0131mla ger\u00e7ekle\u015fti. Etkinli\u011fe \u00e7ok say\u0131da vatanda\u015f kat\u0131larak hem\u015fehrileriyle ayn\u0131 sofrada bulu\u015ftu. G\u00f6k\u00e7eler K\u00f6y Hayr\u0131nda, y\u00f6resel lezzetler ikram edildi ve geleneksel dayan\u0131\u015fma \u00f6rne\u011fi sergilendi. G\u00f6k\u00e7eler&#8217;de&#8230;<\/p>\n","protected":false},"author":1,"featured_media":26690,"comment_status":"closed","ping_status":"closed","sticky":false,"template":"","format":"standard","meta":{"footnotes":""},"categories":[23],"tags":[],"class_list":["post-26689","post","type-post","status-publish","format-standard","has-post-thumbnail","hentry","category-siyaset"],"_links":{"self":[{"href":"http:\/\/gazetevizyon.com\/index.php?rest_route=\/wp\/v2\/posts\/26689","targetHints":{"allow":["GET"]}}],"collection":[{"href":"http:\/\/gazetevizyon.com\/index.php?rest_route=\/wp\/v2\/posts"}],"about":[{"href":"http:\/\/gazetevizyon.com\/index.php?rest_route=\/wp\/v2\/types\/post"}],"author":[{"embeddable":true,"href":"http:\/\/gazetevizyon.com\/index.php?rest_route=\/wp\/v2\/users\/1"}],"replies":[{"embeddable":true,"href":"http:\/\/gazetevizyon.com\/index.php?rest_route=%2Fwp%2Fv2%2Fcomments&post=26689"}],"version-history":[{"count":1,"href":"http:\/\/gazetevizyon.com\/index.php?rest_route=\/wp\/v2\/posts\/26689\/revisions"}],"predecessor-version":[{"id":26704,"href":"http:\/\/gazetevizyon.com\/index.php?rest_route=\/wp\/v2\/posts\/26689\/revisions\/26704"}],"wp:featuredmedia":[{"embeddable":true,"href":"http:\/\/gazetevizyon.com\/index.php?rest_route=\/wp\/v2\/media\/26690"}],"wp:attachment":[{"href":"http:\/\/gazetevizyon.com\/index.php?rest_route=%2Fwp%2Fv2%2Fmedia&parent=26689"}],"wp:term":[{"taxonomy":"category","embeddable":true,"href":"http:\/\/gazetevizyon.com\/index.php?rest_route=%2Fwp%2Fv2%2Fcategories&post=26689"},{"taxonomy":"post_tag","embeddable":true,"href":"http:\/\/gazetevizyon.com\/index.php?rest_route=%2Fwp%2Fv2%2Ftags&post=26689"}],"curies":[{"name":"wp","href":"https:\/\/api.w.org\/{rel}","templated":true}]}}