{"id":26691,"date":"2025-04-20T16:11:33","date_gmt":"2025-04-20T16:11:33","guid":{"rendered":"http:\/\/gazetevizyon.com\/?p=26691"},"modified":"2025-04-20T16:11:33","modified_gmt":"2025-04-20T16:11:33","slug":"erdekte-kacak-silah-ve-tarihi-eser-operasyonu","status":"publish","type":"post","link":"http:\/\/gazetevizyon.com\/?p=26691","title":{"rendered":"Erdek&#8217;te Ka\u00e7ak Silah ve Tarihi Eser Operasyonu"},"content":{"rendered":"<p>\n<h2>Erdek&#8217;te B\u00fcy\u00fck Bir Operasyon Ger\u00e7ekle\u015ftirildi<\/h2>\n<\/p>\n<p><\/p>\n<p>Band\u0131rma Ka\u00e7ak\u00e7\u0131l\u0131k ve Organize Su\u00e7larla M\u00fccadele (KOM) ekipleri, Erdek il\u00e7esinde ger\u00e7ekle\u015ftirdi\u011fi operasyonda <strong>\u00e7ok say\u0131da ka\u00e7ak silah ve tarihi eser ele ge\u00e7irdi<\/strong>. 19 Nisan 2025 tarihinde d\u00fczenlenen \u00e7al\u0131\u015fma, b\u00f6lgedeki yasa d\u0131\u015f\u0131 faaliyetlere y\u00f6nelik \u00f6nemli bir ba\u015far\u0131 olarak de\u011ferlendiriliyor.<\/p>\n<p><\/p>\n<p><h3>Ele Ge\u00e7irilen Materyaller<\/h3>\n<\/p>\n<p><\/p>\n<p>Operasyon sonucunda a\u015fa\u011f\u0131daki materyallerin ele ge\u00e7irildi\u011fi a\u00e7\u0131kland\u0131:<\/p>\n<ul>    <\/p>\n<ul>\n<li>1 adet 9 mm \u00e7apl\u0131 tabanca ve \u015farj\u00f6r\u00fc<\/li>\n<p>    <\/p>\n<li>1 adet 38 kalibre toplu tabanca<\/li>\n<p>    <\/p>\n<li>1 adet 6.35 mm \u00e7apl\u0131 tabanca<\/li>\n<p>    <\/p>\n<li>1 adet kuru s\u0131k\u0131 tabanca<\/li>\n<p>    <\/p>\n<li>1 adet pompal\u0131 t\u00fcfek<\/li>\n<p>    <\/p>\n<li>1 adet av t\u00fcfe\u011fi<\/li>\n<p>    <\/p>\n<li>Toplamda 487 adet tabanca fi\u015fe\u011fi (9&#215;19 mm, 9mm, 7.65mm, .45 kalibre ve 38 kalibre)<\/li>\n<p>    <\/p>\n<li>Tarihi eser niteli\u011finde toplam 148 adet sikke ve obje<\/li>\n<p>    <\/p>\n<li>1 adet dedekt\u00f6r<\/li>\n<\/ul>\n<p><\/ul>\n<\/p>\n<p><\/p>\n<p><h3>G\u00f6zalt\u0131na Al\u0131nan \u015eah\u0131s<\/h3>\n<\/p>\n<p><\/p>\n<p>Operasyon kapsam\u0131nda M.K. isimli \u015fah\u0131s g\u00f6zalt\u0131na al\u0131nd\u0131. Zanl\u0131, mevcutlu olarak adli i\u015flemlere tabi tutuluyor. <strong>Olayla ilgili ba\u015flat\u0131lan tahkikat devam ediyor.<\/strong><\/p>\n<p><\/p>\n<p><h3>B\u00f6lgedeki Ka\u00e7ak\u00e7\u0131l\u0131kla M\u00fccadele<\/h3>\n<\/p>\n<p><\/p>\n<p>Band\u0131rma KOM ekiplerinin bu operasyonu, b\u00f6lgede ka\u00e7ak silah ve tarihi eser ticaretine kar\u015f\u0131 at\u0131lm\u0131\u015f \u00f6nemli bir ad\u0131m olarak kabul ediliyor. Yetkililer, <strong>halk\u0131n g\u00fcvenli\u011fi ile k\u00fclt\u00fcrel miras\u0131n korunmas\u0131na y\u00f6nelik \u00e7al\u0131\u015fmalar\u0131n kararl\u0131l\u0131kla s\u00fcrd\u00fcr\u00fclece\u011fini<\/strong> vurgulad\u0131lar. Bu t\u00fcr operasyonlar\u0131n, yasa d\u0131\u015f\u0131 faaliyetlerin \u00f6nlenmesi ve b\u00f6lge halk\u0131n\u0131n huzuru i\u00e7in b\u00fcy\u00fck \u00f6nem ta\u015f\u0131d\u0131\u011f\u0131 belirtildi.<\/p><\/p>\n","protected":false},"excerpt":{"rendered":"<p>Erdek&#8217;te B\u00fcy\u00fck Bir Operasyon Ger\u00e7ekle\u015ftirildi Band\u0131rma Ka\u00e7ak\u00e7\u0131l\u0131k ve Organize Su\u00e7larla M\u00fccadele (KOM) ekipleri, Erdek il\u00e7esinde ger\u00e7ekle\u015ftirdi\u011fi operasyonda \u00e7ok say\u0131da ka\u00e7ak silah ve tarihi eser ele ge\u00e7irdi. 19 Nisan 2025 tarihinde d\u00fczenlenen \u00e7al\u0131\u015fma, b\u00f6lgedeki yasa d\u0131\u015f\u0131 faaliyetlere y\u00f6nelik \u00f6nemli bir ba\u015far\u0131&#8230;<\/p>\n","protected":false},"author":1,"featured_media":26692,"comment_status":"closed","ping_status":"closed","sticky":false,"template":"","format":"standard","meta":{"footnotes":""},"categories":[36],"tags":[],"class_list":["post-26691","post","type-post","status-publish","format-standard","has-post-thumbnail","hentry","category-manset"],"_links":{"self":[{"href":"http:\/\/gazetevizyon.com\/index.php?rest_route=\/wp\/v2\/posts\/26691","targetHints":{"allow":["GET"]}}],"collection":[{"href":"http:\/\/gazetevizyon.com\/index.php?rest_route=\/wp\/v2\/posts"}],"about":[{"href":"http:\/\/gazetevizyon.com\/index.php?rest_route=\/wp\/v2\/types\/post"}],"author":[{"embeddable":true,"href":"http:\/\/gazetevizyon.com\/index.php?rest_route=\/wp\/v2\/users\/1"}],"replies":[{"embeddable":true,"href":"http:\/\/gazetevizyon.com\/index.php?rest_route=%2Fwp%2Fv2%2Fcomments&post=26691"}],"version-history":[{"count":1,"href":"http:\/\/gazetevizyon.com\/index.php?rest_route=\/wp\/v2\/posts\/26691\/revisions"}],"predecessor-version":[{"id":26703,"href":"http:\/\/gazetevizyon.com\/index.php?rest_route=\/wp\/v2\/posts\/26691\/revisions\/26703"}],"wp:featuredmedia":[{"embeddable":true,"href":"http:\/\/gazetevizyon.com\/index.php?rest_route=\/wp\/v2\/media\/26692"}],"wp:attachment":[{"href":"http:\/\/gazetevizyon.com\/index.php?rest_route=%2Fwp%2Fv2%2Fmedia&parent=26691"}],"wp:term":[{"taxonomy":"category","embeddable":true,"href":"http:\/\/gazetevizyon.com\/index.php?rest_route=%2Fwp%2Fv2%2Fcategories&post=26691"},{"taxonomy":"post_tag","embeddable":true,"href":"http:\/\/gazetevizyon.com\/index.php?rest_route=%2Fwp%2Fv2%2Ftags&post=26691"}],"curies":[{"name":"wp","href":"https:\/\/api.w.org\/{rel}","templated":true}]}}