{"id":2684,"date":"2019-02-05T11:32:08","date_gmt":"2019-02-05T11:32:08","guid":{"rendered":"http:\/\/gazetevizyon.com\/?p=2684"},"modified":"2019-02-05T11:32:10","modified_gmt":"2019-02-05T11:32:10","slug":"emittte-balikesir-ruzgari","status":"publish","type":"post","link":"http:\/\/gazetevizyon.com\/?p=2684","title":{"rendered":"EMITT\u2019TE BALIKES\u0130R R\u00dcZGARI"},"content":{"rendered":"\n<p>\u0130stanbul&#8217;da\nher y\u0131l 60&#8217;\u0131n \u00fczerinde \u00fclkeyi bulu\u015fturan d\u00fcnyan\u0131n en b\u00fcy\u00fck 4. turizm fuar\u0131 olan\nDo\u011fu Akdeniz Uluslararas\u0131 Turizm ve Seyahat Fuar\u0131 (EMITT), T\u00dcYAP Fuar ve Kongre\nMerkezi&#8217;nde a\u00e7\u0131ld\u0131.<\/p>\n\n\n\n<p>\u0130stanbul\nT\u00dcYAP Fuar ve Kongre Merkezi&#8217;nde 23.\u2019s\u00fc ba\u015flayan, d\u00fcnyan\u0131n ve T\u00fcrkiye&#8217;nin d\u00f6rt\nbir yan\u0131ndan tatil rotalar\u0131n\u0131 ayn\u0131 platformda bir araya getiren fuar a\u00e7\u0131l\u0131\u015f\u0131,\nK\u00fclt\u00fcr ve Turizm Bakan\u0131 Mehmet Nuri Ersoy&#8217;un kat\u0131l\u0131m\u0131yla ge\u00e7ti\u011fimiz hafta\nyap\u0131ld\u0131.<\/p>\n\n\n\n<p>\u015eehrimizin\nturistik, tarihi ve k\u00fclt\u00fcrel \u00f6\u011felerinin tan\u0131t\u0131ld\u0131\u011f\u0131 fuarda, B\u00fcy\u00fck\u015fehir\nBelediyesi, Havran Belediyesi, S\u0131nd\u0131rg\u0131 Belediyesi, Bal\u0131kesir \u00dcniversitesi\nTurizm Fak\u00fcltesi ve y\u00f6remizde bulunan \u00f6zel firmalara ait stantlar yer al\u0131yor.<\/p>\n\n\n\n<p>Bal\u0131kesir\u2019e\n\u00f6zg\u00fc tatlar\u0131n tan\u0131t\u0131l\u0131p ikram edildi\u011fi bu stantlar\u0131n yan\u0131 s\u0131ra ziyaret\u00e7ilerin\nyo\u011fun ilgisini \u00e7eken etkinlikler de yap\u0131l\u0131yor. Bal\u0131kesir stantlar\u0131n\u0131 ziyaret\neden K\u00fclt\u00fcr ve Turizm Bakan\u0131 Say\u0131n Mehmet Nuri Ersoy\u2019a, Bal\u0131kesir B\u00fcy\u00fck\u015fehir\nBelediyesini temsilen orada bulunan Genel Sekreter Yard\u0131mc\u0131s\u0131 Halil Y\u0131lmaz\nBal\u0131kesir ile ilgili bilgiler verdi.<\/p>\n\n\n\n<p>Ge\u00e7en\ny\u0131la g\u00f6re kat\u0131l\u0131mc\u0131 say\u0131s\u0131nda y\u00fczde 15 art\u0131\u015f ya\u015fanan fuar, farkl\u0131 sekt\u00f6rlerin\n\u00f6nde gelen isimleri, konaklama, turizmden otel ekipmanlar\u0131na, e\u011flence\nturizminden sa\u011fl\u0131k&amp;spa turizmine 13 farkl\u0131 \u00fcr\u00fcn grubu EMITT\u2019te sergileniyor\nolacak.<\/p>\n\n\n\n<p>31\nOcak Per\u015fembe g\u00fcn\u00fc a\u00e7\u0131lan fuar 3 \u015eubat Pazar g\u00fcn\u00fc sona erecek.<\/p>\n\n\n\n<p><strong>Sayg\u0131lar\u0131m\u0131zla<\/strong><\/p>\n","protected":false},"excerpt":{"rendered":"<p>\u0130stanbul&#8217;da her y\u0131l 60&#8217;\u0131n \u00fczerinde \u00fclkeyi bulu\u015fturan d\u00fcnyan\u0131n en b\u00fcy\u00fck 4. turizm fuar\u0131 olan Do\u011fu Akdeniz Uluslararas\u0131 Turizm ve Seyahat Fuar\u0131 (EMITT), T\u00dcYAP Fuar ve Kongre Merkezi&#8217;nde a\u00e7\u0131ld\u0131. \u0130stanbul T\u00dcYAP Fuar ve Kongre Merkezi&#8217;nde 23.\u2019s\u00fc ba\u015flayan, d\u00fcnyan\u0131n ve T\u00fcrkiye&#8217;nin d\u00f6rt&#8230;<\/p>\n","protected":false},"author":3,"featured_media":2685,"comment_status":"open","ping_status":"open","sticky":false,"template":"","format":"standard","meta":{"footnotes":""},"categories":[20,36],"tags":[],"class_list":["post-2684","post","type-post","status-publish","format-standard","has-post-thumbnail","hentry","category-guncel","category-manset"],"_links":{"self":[{"href":"http:\/\/gazetevizyon.com\/index.php?rest_route=\/wp\/v2\/posts\/2684","targetHints":{"allow":["GET"]}}],"collection":[{"href":"http:\/\/gazetevizyon.com\/index.php?rest_route=\/wp\/v2\/posts"}],"about":[{"href":"http:\/\/gazetevizyon.com\/index.php?rest_route=\/wp\/v2\/types\/post"}],"author":[{"embeddable":true,"href":"http:\/\/gazetevizyon.com\/index.php?rest_route=\/wp\/v2\/users\/3"}],"replies":[{"embeddable":true,"href":"http:\/\/gazetevizyon.com\/index.php?rest_route=%2Fwp%2Fv2%2Fcomments&post=2684"}],"version-history":[{"count":1,"href":"http:\/\/gazetevizyon.com\/index.php?rest_route=\/wp\/v2\/posts\/2684\/revisions"}],"predecessor-version":[{"id":2686,"href":"http:\/\/gazetevizyon.com\/index.php?rest_route=\/wp\/v2\/posts\/2684\/revisions\/2686"}],"wp:featuredmedia":[{"embeddable":true,"href":"http:\/\/gazetevizyon.com\/index.php?rest_route=\/wp\/v2\/media\/2685"}],"wp:attachment":[{"href":"http:\/\/gazetevizyon.com\/index.php?rest_route=%2Fwp%2Fv2%2Fmedia&parent=2684"}],"wp:term":[{"taxonomy":"category","embeddable":true,"href":"http:\/\/gazetevizyon.com\/index.php?rest_route=%2Fwp%2Fv2%2Fcategories&post=2684"},{"taxonomy":"post_tag","embeddable":true,"href":"http:\/\/gazetevizyon.com\/index.php?rest_route=%2Fwp%2Fv2%2Ftags&post=2684"}],"curies":[{"name":"wp","href":"https:\/\/api.w.org\/{rel}","templated":true}]}}