{"id":26933,"date":"2025-04-23T01:17:57","date_gmt":"2025-04-23T01:17:57","guid":{"rendered":"http:\/\/gazetevizyon.com\/?p=26933"},"modified":"2025-04-23T01:17:57","modified_gmt":"2025-04-23T01:17:57","slug":"minik-ogrencilerden-baskan-palaza-ziyaret","status":"publish","type":"post","link":"http:\/\/gazetevizyon.com\/?p=26933","title":{"rendered":"Minik \u00d6\u011frencilerden Ba\u015fkan Palaz&#8217;a Ziyaret"},"content":{"rendered":"<p>\n<h2>G\u00f6nen&#8217;de Minik Kalpler Belediye Ba\u015fkan\u0131 ile Bulu\u015ftu<\/h2>\n<\/p>\n<p><\/p>\n<p><strong>G\u00f6nen<\/strong> Belediyesi&#8217;ne, \u00d6zel \u00c7\u0131nar Akademi Kursu \u00f6\u011fretmenleri ve \u00f6\u011frencilerinden olu\u015fan bir grup minik \u00f6\u011frenci ziyaret ger\u00e7ekle\u015ftirdi. Ziyarette, \u00e7ocuklar\u0131n co\u015fkusu ve merak\u0131 dikkat \u00e7ekti.<\/p>\n<p><\/p>\n<p><h3>Ba\u015fkan Palaz ile S\u0131cak Kar\u015f\u0131la\u015fma<\/h3>\n<\/p>\n<p><\/p>\n<p>Belediye Ba\u015fkan\u0131 \u0130brahim Palaz, makam\u0131nda a\u011f\u0131rlad\u0131\u011f\u0131 \u00f6\u011frencileri samimi bir \u015fekilde kar\u015f\u0131lad\u0131. \u00c7ocuklarla yak\u0131ndan ilgilenen Ba\u015fkan Palaz, onlar\u0131n sorular\u0131n\u0131 yan\u0131tlayarak gelece\u011fe dair hayallerini dinledi. \u00d6\u011frencilerin merakl\u0131 sorular\u0131 ve enerjisi, ziyaretin ne\u015feli ge\u00e7mesini sa\u011flad\u0131.<\/p>\n<p><\/p>\n<p><h3>E\u011fitimin \u00d6nemi Vurguland\u0131<\/h3>\n<\/p>\n<p><\/p>\n<p>\u00d6zel \u00c7\u0131nar Akademi Kursu \u00f6\u011fretmenleri de ziyarette e\u011fitimin \u00f6nemine de\u011findi. E\u011fitim s\u00fcrecinin k\u00fc\u00e7\u00fck ya\u015flarda ba\u015flad\u0131\u011f\u0131n\u0131 belirten \u00f6\u011fretmenler, <strong>yerel y\u00f6netimlerin bu s\u00fcre\u00e7teki desteklerinin b\u00fcy\u00fck \u00f6nem ta\u015f\u0131d\u0131\u011f\u0131n\u0131<\/strong> vurgulad\u0131. \u00d6\u011fretmenler, \u00e7ocuklar\u0131n geli\u015fiminde e\u011fitim ortam\u0131n\u0131n ve yerel y\u00f6netimlerin katk\u0131s\u0131n\u0131n vazge\u00e7ilmez oldu\u011funu ifade etti.<\/p>\n<p><\/p>\n<p><h3>G\u00f6nen&#8217;de E\u011fitim \u00c7al\u0131\u015fmalar\u0131na Destek<\/h3>\n<\/p>\n<p><\/p>\n<p>Ziyaretin sonunda Ba\u015fkan Palaz, e\u011fitime verdikleri \u00f6nemi bir kez daha dile getirerek G\u00f6nen\u2019deki e\u011fitim \u00e7al\u0131\u015fmalar\u0131na destek vermeye devam edeceklerini belirtti. \u00d6\u011frencilerle hat\u0131ra foto\u011fraf\u0131 \u00e7ektiren Ba\u015fkan Palaz, ziyaretlerinden duydu\u011fu memnuniyeti ifade etti.<\/p><\/p>\n","protected":false},"excerpt":{"rendered":"<p>G\u00f6nen&#8217;de Minik Kalpler Belediye Ba\u015fkan\u0131 ile Bulu\u015ftu G\u00f6nen Belediyesi&#8217;ne, \u00d6zel \u00c7\u0131nar Akademi Kursu \u00f6\u011fretmenleri ve \u00f6\u011frencilerinden olu\u015fan bir grup minik \u00f6\u011frenci ziyaret ger\u00e7ekle\u015ftirdi. Ziyarette, \u00e7ocuklar\u0131n co\u015fkusu ve merak\u0131 dikkat \u00e7ekti. Ba\u015fkan Palaz ile S\u0131cak Kar\u015f\u0131la\u015fma Belediye Ba\u015fkan\u0131 \u0130brahim Palaz, makam\u0131nda&#8230;<\/p>\n","protected":false},"author":1,"featured_media":26934,"comment_status":"closed","ping_status":"closed","sticky":false,"template":"","format":"standard","meta":{"footnotes":""},"categories":[36],"tags":[],"class_list":["post-26933","post","type-post","status-publish","format-standard","has-post-thumbnail","hentry","category-manset"],"_links":{"self":[{"href":"http:\/\/gazetevizyon.com\/index.php?rest_route=\/wp\/v2\/posts\/26933","targetHints":{"allow":["GET"]}}],"collection":[{"href":"http:\/\/gazetevizyon.com\/index.php?rest_route=\/wp\/v2\/posts"}],"about":[{"href":"http:\/\/gazetevizyon.com\/index.php?rest_route=\/wp\/v2\/types\/post"}],"author":[{"embeddable":true,"href":"http:\/\/gazetevizyon.com\/index.php?rest_route=\/wp\/v2\/users\/1"}],"replies":[{"embeddable":true,"href":"http:\/\/gazetevizyon.com\/index.php?rest_route=%2Fwp%2Fv2%2Fcomments&post=26933"}],"version-history":[{"count":1,"href":"http:\/\/gazetevizyon.com\/index.php?rest_route=\/wp\/v2\/posts\/26933\/revisions"}],"predecessor-version":[{"id":26948,"href":"http:\/\/gazetevizyon.com\/index.php?rest_route=\/wp\/v2\/posts\/26933\/revisions\/26948"}],"wp:featuredmedia":[{"embeddable":true,"href":"http:\/\/gazetevizyon.com\/index.php?rest_route=\/wp\/v2\/media\/26934"}],"wp:attachment":[{"href":"http:\/\/gazetevizyon.com\/index.php?rest_route=%2Fwp%2Fv2%2Fmedia&parent=26933"}],"wp:term":[{"taxonomy":"category","embeddable":true,"href":"http:\/\/gazetevizyon.com\/index.php?rest_route=%2Fwp%2Fv2%2Fcategories&post=26933"},{"taxonomy":"post_tag","embeddable":true,"href":"http:\/\/gazetevizyon.com\/index.php?rest_route=%2Fwp%2Fv2%2Ftags&post=26933"}],"curies":[{"name":"wp","href":"https:\/\/api.w.org\/{rel}","templated":true}]}}