{"id":26935,"date":"2025-04-23T01:28:00","date_gmt":"2025-04-23T01:28:00","guid":{"rendered":"http:\/\/gazetevizyon.com\/?p=26935"},"modified":"2025-04-23T01:28:00","modified_gmt":"2025-04-23T01:28:00","slug":"zafer-sirakaya-dis-iliskilerden-sorumlu-genel-baskan-yardimcisi-oldu","status":"publish","type":"post","link":"http:\/\/gazetevizyon.com\/?p=26935","title":{"rendered":"Zafer S\u0131rakaya D\u0131\u015f \u0130li\u015fkilerden Sorumlu Genel Ba\u015fkan Yard\u0131mc\u0131s\u0131 Oldu"},"content":{"rendered":"<p>\n<h2>Yeni G\u00f6rev Atamas\u0131<\/h2>\n<\/p>\n<p><\/p>\n<p><strong>T\u00fcrkiye Y\u00fczy\u0131l\u0131<\/strong> hedefleri do\u011frultusunda yap\u0131lan yeni g\u00f6rev atamas\u0131nda, Zafer S\u0131rakaya <strong>D\u0131\u015f \u0130li\u015fkilerden sorumlu Genel Ba\u015fkan Yard\u0131mc\u0131l\u0131\u011f\u0131<\/strong> g\u00f6revine getirildi. Cumhurba\u015fkan\u0131 Recep Tayyip Erdo\u011fan&#8217;\u0131n onay\u0131yla ger\u00e7ekle\u015fen bu atama, parti i\u00e7inde \u00f6nemli bir de\u011fi\u015fiklik olarak de\u011ferlendiriliyor.<\/p>\n<p><\/p>\n<p><h3>Hay\u0131r Ziyareti<\/h3>\n<\/p>\n<p><\/p>\n<p>Mustafa Canbey, yeni g\u00f6reve ba\u015flayan Zafer S\u0131rakaya\u2019ya hay\u0131rl\u0131 olsun ziyaretinde bulundu. Ziyarette, S\u0131rakaya&#8217;n\u0131n \u00fcstlendi\u011fi g\u00f6revde ba\u015far\u0131lar dilendi ve T\u00fcrkiye Y\u00fczy\u0131l\u0131 yolculu\u011funda \u00f6nemli bir rol oynayaca\u011f\u0131 vurguland\u0131. <\/p>\n<p><\/p>\n<p><h3>T\u00fcrkiye Y\u00fczy\u0131l\u0131 Vizyonu<\/h3>\n<\/p>\n<p><\/p>\n<p>S\u0131rakaya\u2019n\u0131n bu yeni g\u00f6revi, \u00f6zellikle d\u0131\u015f ili\u015fkiler alan\u0131nda daha etkin bir politika izlenmesi ve <strong>T\u00fcrkiye&#8217;nin uluslararas\u0131 arenadaki konumunun g\u00fc\u00e7lendirilmesi<\/strong> a\u00e7\u0131s\u0131ndan \u00f6nem ta\u015f\u0131yor. Yeni ataman\u0131n, T\u00fcrkiye&#8217;nin d\u0131\u015f politikadaki stratejik hedeflerine ula\u015fmas\u0131na katk\u0131da bulunmas\u0131 bekleniyor.<\/p>\n<p><\/p>\n<p><ul>  <\/p>\n<ul>\n<li>Atama, parti i\u00e7erisinde \u00f6nemli de\u011fi\u015fiklikler olarak de\u011ferlendiriliyor.<\/li>\n<p>  <\/p>\n<li>S\u0131rakaya\u2019n\u0131n g\u00f6revi, T\u00fcrkiye\u2019nin uluslararas\u0131 arenadaki etkisini art\u0131rmay\u0131 hedefliyor.<\/li>\n<p>  <\/p>\n<li>Ziyarette yeni g\u00f6revde ba\u015far\u0131 dilekleri iletildi.<\/li>\n<\/ul>\n<p><\/ul>\n<\/p>\n<p><\/p>\n<p>Bu atama ile birlikte S\u0131rakaya&#8217;n\u0131n \u00f6n\u00fcm\u00fczdeki d\u00f6nemde d\u0131\u015f ili\u015fkiler alan\u0131nda yapaca\u011f\u0131 \u00e7al\u0131\u015fmalar ve sunaca\u011f\u0131 stratejiler merakla bekleniyor. <strong>T\u00fcrkiye\u2019nin d\u0131\u015f politikas\u0131<\/strong> bu yeni g\u00f6revlendirme ile farkl\u0131 bir boyut kazanabilir.<\/p><\/p>\n","protected":false},"excerpt":{"rendered":"<p>Yeni G\u00f6rev Atamas\u0131 T\u00fcrkiye Y\u00fczy\u0131l\u0131 hedefleri do\u011frultusunda yap\u0131lan yeni g\u00f6rev atamas\u0131nda, Zafer S\u0131rakaya D\u0131\u015f \u0130li\u015fkilerden sorumlu Genel Ba\u015fkan Yard\u0131mc\u0131l\u0131\u011f\u0131 g\u00f6revine getirildi. Cumhurba\u015fkan\u0131 Recep Tayyip Erdo\u011fan&#8217;\u0131n onay\u0131yla ger\u00e7ekle\u015fen bu atama, parti i\u00e7inde \u00f6nemli bir de\u011fi\u015fiklik olarak de\u011ferlendiriliyor. Hay\u0131r Ziyareti Mustafa Canbey,&#8230;<\/p>\n","protected":false},"author":1,"featured_media":26936,"comment_status":"closed","ping_status":"closed","sticky":false,"template":"","format":"standard","meta":{"footnotes":""},"categories":[23],"tags":[],"class_list":["post-26935","post","type-post","status-publish","format-standard","has-post-thumbnail","hentry","category-siyaset"],"_links":{"self":[{"href":"http:\/\/gazetevizyon.com\/index.php?rest_route=\/wp\/v2\/posts\/26935","targetHints":{"allow":["GET"]}}],"collection":[{"href":"http:\/\/gazetevizyon.com\/index.php?rest_route=\/wp\/v2\/posts"}],"about":[{"href":"http:\/\/gazetevizyon.com\/index.php?rest_route=\/wp\/v2\/types\/post"}],"author":[{"embeddable":true,"href":"http:\/\/gazetevizyon.com\/index.php?rest_route=\/wp\/v2\/users\/1"}],"replies":[{"embeddable":true,"href":"http:\/\/gazetevizyon.com\/index.php?rest_route=%2Fwp%2Fv2%2Fcomments&post=26935"}],"version-history":[{"count":1,"href":"http:\/\/gazetevizyon.com\/index.php?rest_route=\/wp\/v2\/posts\/26935\/revisions"}],"predecessor-version":[{"id":26949,"href":"http:\/\/gazetevizyon.com\/index.php?rest_route=\/wp\/v2\/posts\/26935\/revisions\/26949"}],"wp:featuredmedia":[{"embeddable":true,"href":"http:\/\/gazetevizyon.com\/index.php?rest_route=\/wp\/v2\/media\/26936"}],"wp:attachment":[{"href":"http:\/\/gazetevizyon.com\/index.php?rest_route=%2Fwp%2Fv2%2Fmedia&parent=26935"}],"wp:term":[{"taxonomy":"category","embeddable":true,"href":"http:\/\/gazetevizyon.com\/index.php?rest_route=%2Fwp%2Fv2%2Fcategories&post=26935"},{"taxonomy":"post_tag","embeddable":true,"href":"http:\/\/gazetevizyon.com\/index.php?rest_route=%2Fwp%2Fv2%2Ftags&post=26935"}],"curies":[{"name":"wp","href":"https:\/\/api.w.org\/{rel}","templated":true}]}}